{"id":2622,"date":"2015-06-12T09:34:20","date_gmt":"2015-06-12T08:34:20","guid":{"rendered":"http:\/\/www.artbarcelona.es\/circuit\/?p=2622"},"modified":"2015-06-12T09:34:55","modified_gmt":"2015-06-12T08:34:55","slug":"jornadas-de-debate-20-de-junio-11-de-julio","status":"publish","type":"post","link":"https:\/\/www.artbarcelona.es\/circuit\/es\/jornadas-de-debate-20-de-junio-11-de-julio\/","title":{"rendered":"Jornadas de Debate. 20 de junio \/ 11 de julio"},"content":{"rendered":"<p>Los agentes de las Artes Visuales de Catalu\u00f1a nos encontramos para debatir sobre la situaci\u00f3n de nuestro sector. Queremos que nuestras artes recuperen la fuerza cultural y la implantaci\u00f3n social que nunca ten\u00edan que haber perdido.<\/p>\n<p>La creaci\u00f3n nace desde bajo. Y proponemos unas Jornadas para reflexionar sobre el pasado m\u00e1s reciente (los recortes en el mundo de la cultura, el cierre de centros de arte, las pol\u00edticas err\u00e1ticas en los peque\u00f1os y los grandes equipamientos, las dificultades para la mediaci\u00f3n&#8230;) y sobre el futuro del arte en Catalu\u00f1a y su relaci\u00f3n con nuestra sociedad.<\/p>\n<p>Artistas, galeristas, cr\u00edticos y comisarios, responsables de centros de arte, docentes&#8230; queremos debatir y profundizar en algunas de las problem\u00e1ticas que nos afectan.<\/p>\n<p><strong>S\u00e1bado 20 de junio<\/strong><br \/>\nJornada de Debate \/ 1<br \/>\nAuditorio Meier, MACBA<\/p>\n<p><strong>Mesa\/01 Problemas, carencias y soluciones del marco jur\u00eddico de las artes visuales.<\/strong><br \/>\nde 9:00 h a 11:00 h<\/p>\n<p>Se plantear\u00e1n las diferentes problem\u00e1ticas legales y carencias normativas en relaci\u00f3n a la fiscalidad, derechos de autor, patrimonio hist\u00f3rico, contrataci\u00f3n y \u00e1mbito laboral con que se encuentran los agentes que integran el sector de las artes visuales y se dar\u00e1n respuestas a estas problem\u00e1ticas o propuestas de mejora legislativa a las mismas.<\/p>\n<p><span style=\"text-decoration: underline;\">Patrimonio Hist\u00f3rico y Contrataci\u00f3n<\/span>: Beatriz Ni\u00f1o. Abogada. Socia y co-directora de NIAL Art Law, despacho de abogados especializado en el mercado del arte.<\/p>\n<p><span style=\"text-decoration: underline;\">Propiedad Intelectual (Derechos de Autor):<\/span> Eva Soria. Coordinadora de las Artes Visuales al Instituto Ramon Llull.<\/p>\n<p><span style=\"text-decoration: underline;\">Fiscalidad. Guillermo Vidal:<\/span> Abogado. Socio del despacho de abogados Cuatrecasas, Gon\u00e7alves Pereira.<\/p>\n<p><span style=\"text-decoration: underline;\">Derecho Laboral:<\/span> Pilar Rocha. Abogada.<\/p>\n<p>Moderadora. M. Isabel Ni\u00f1o. Abogada. Socia y co-directora de NIAL Art Law<br \/>\nRelator\/a: M.Isabel *Ni\u00f1o.<\/p>\n<p>de 11:00 h a 11:30 h \/ Descanso<br \/>\n<strong>Mesa\/02 Patrimonializaci\u00f3n del Arte Contempor\u00e1neo: Coleccionismo\u00a0privado y Patrimonializaci\u00f3n p\u00fablica.<\/strong><br \/>\nde 11:30 h a 13:30 h<\/p>\n<p>Coleccionismo privado:<br \/>\n<span style=\"text-decoration: underline;\">Estado de la cuesti\u00f3n. Coleccionismo en Catalu\u00f1a y Espa\u00f1a, 2014<\/span>: Vicky Cortina. Vicepresidente del Gremi de Galeries d\u2019Art de Catalunya.<\/p>\n<p><span style=\"text-decoration: underline;\">Ley de mecenazgo:<\/span> M. Isabel Ni\u00f1o. y Ramon Sicart. Galer\u00eda Ramon Sicart. Art Barcelona.<\/p>\n<p><span style=\"text-decoration: underline;\">Creaci\u00f3n del Fondo de Arte Contempor\u00e1neo de Catalu\u00f1a:<\/span> Eva Lasunci\u00f3n. Abogado y Joan A. Maragall. Galer\u00eda Trama. Presidente Art Barcelona<\/p>\n<p>Patrimonializaci\u00f3n \u00a0publica:<br \/>\n<span style=\"text-decoration: underline;\">Estado de la cuesti\u00f3n. Las adquisiciones p\u00fablicas en Catalunya<\/span>: Ramon Sicart.<\/p>\n<p><span style=\"text-decoration: underline;\">Marco administrativo y pol\u00edticas de adquisici\u00f3n publicas en Catalu\u00f1a, comparaci\u00f3n internacional:<\/span> Rosa Brugat, Artista visual. Miembro de AAVC, Javier Pe\u00f1afiel. Artista visual. Miembro de AAVC y Pilar Parcerisas. Cr\u00edtica de arte, curadora de exposiciones. Miembro del plenario del Consejo Nacional de la Cultura y de las Artes, CUENCA.<\/p>\n<p>Moderador\/a. Joan A. Maragall<br \/>\nRelator\/a: a determinar.<\/p>\n<p>de 14:00 h a 16:00 h \/ Comida.<\/p>\n<p><strong>Comunicados de cada mesa y debate final.<\/strong><br \/>\nde 16:00 h a 18:00 h<\/p>\n<p><strong>Save the Date: S\u00e1bado 11 de julio<\/strong><br \/>\nJornada de Debate \/ 2<br \/>\nAuditorio Meier, MACBA<\/p>\n<p>Mesa\/03 Creaci\u00f3n. Producci\u00f3n. Difusi\u00f3n. Exhibici\u00f3n<br \/>\nMesa\/04 Arte y Educaci\u00f3n<br \/>\nMesa\/05 Arte y Medios de comunicaci\u00f3n.<\/p>\n","protected":false},"excerpt":{"rendered":"<p>Los agentes de las Artes Visuales de Catalu\u00f1a nos encontramos para debatir sobre la situaci\u00f3n de nuestro sector. Queremos que nuestras artes recuperen la fuerza cultural y la implantaci\u00f3n social que nunca ten\u00edan que haber perdido. La creaci\u00f3n nace desde bajo. Y proponemos unas Jornadas para reflexionar sobre el pasado m\u00e1s reciente (los recortes en [&hellip;]<\/p>\n","protected":false},"author":1,"featured_media":2621,"comment_status":"open","ping_status":"open","sticky":false,"template":"","format":"standard","meta":{"_acf_changed":false,"footnotes":""},"categories":[3],"tags":[],"class_list":["post-2622","post","type-post","status-publish","format-standard","has-post-thumbnail","hentry","category-general-es"],"yoast_head":"<!-- This site is optimized with the Yoast SEO plugin v27.0 - https:\/\/yoast.com\/product\/yoast-seo-wordpress\/ -->\n<title>Jornadas de Debate. 20 de junio \/ 11 de julio - Circuit d\u2019Art Contemporani<\/title>\n<meta name=\"robots\" content=\"index, follow, max-snippet:-1, max-image-preview:large, max-video-preview:-1\" \/>\n<link rel=\"canonical\" href=\"https:\/\/www.artbarcelona.es\/circuit\/es\/jornadas-de-debate-20-de-junio-11-de-julio\/\" \/>\n<meta property=\"og:locale\" content=\"es_ES\" \/>\n<meta property=\"og:type\" content=\"article\" \/>\n<meta property=\"og:title\" content=\"Jornadas de Debate. 20 de junio \/ 11 de julio - Circuit d\u2019Art Contemporani\" \/>\n<meta property=\"og:description\" content=\"Los agentes de las Artes Visuales de Catalu\u00f1a nos encontramos para debatir sobre la situaci\u00f3n de nuestro sector. Queremos que nuestras artes recuperen la fuerza cultural y la implantaci\u00f3n social que nunca ten\u00edan que haber perdido. La creaci\u00f3n nace desde bajo. Y proponemos unas Jornadas para reflexionar sobre el pasado m\u00e1s reciente (los recortes en [&hellip;]\" \/>\n<meta property=\"og:url\" content=\"https:\/\/www.artbarcelona.es\/circuit\/es\/jornadas-de-debate-20-de-junio-11-de-julio\/\" \/>\n<meta property=\"og:site_name\" content=\"Circuit d\u2019Art Contemporani\" \/>\n<meta property=\"article:published_time\" content=\"2015-06-12T08:34:20+00:00\" \/>\n<meta property=\"article:modified_time\" content=\"2015-06-12T08:34:55+00:00\" \/>\n<meta property=\"og:image\" content=\"https:\/\/www.artbarcelona.es\/circuit\/wp-content\/uploads\/sites\/8\/2015\/06\/plataforma.jpg\" \/>\n\t<meta property=\"og:image:width\" content=\"752\" \/>\n\t<meta property=\"og:image:height\" content=\"444\" \/>\n\t<meta property=\"og:image:type\" content=\"image\/jpeg\" \/>\n<meta name=\"author\" content=\"artbcn\" \/>\n<meta name=\"twitter:card\" content=\"summary_large_image\" \/>\n<meta name=\"twitter:label1\" content=\"Escrito por\" \/>\n\t<meta name=\"twitter:data1\" content=\"artbcn\" \/>\n\t<meta name=\"twitter:label2\" content=\"Tiempo de lectura\" \/>\n\t<meta name=\"twitter:data2\" content=\"3 minutos\" \/>\n<script type=\"application\/ld+json\" class=\"yoast-schema-graph\">{\"@context\":\"https:\/\/schema.org\",\"@graph\":[{\"@type\":\"Article\",\"@id\":\"https:\/\/www.artbarcelona.es\/circuit\/es\/jornadas-de-debate-20-de-junio-11-de-julio\/#article\",\"isPartOf\":{\"@id\":\"https:\/\/www.artbarcelona.es\/circuit\/es\/jornadas-de-debate-20-de-junio-11-de-julio\/\"},\"author\":{\"name\":\"artbcn\",\"@id\":\"https:\/\/www.artbarcelona.es\/circuit\/en\/#\/schema\/person\/c379f777c7a53ecc191a63a3e51b2bad\"},\"headline\":\"Jornadas de Debate. 20 de junio \/ 11 de julio\",\"datePublished\":\"2015-06-12T08:34:20+00:00\",\"dateModified\":\"2015-06-12T08:34:55+00:00\",\"mainEntityOfPage\":{\"@id\":\"https:\/\/www.artbarcelona.es\/circuit\/es\/jornadas-de-debate-20-de-junio-11-de-julio\/\"},\"wordCount\":522,\"commentCount\":0,\"image\":{\"@id\":\"https:\/\/www.artbarcelona.es\/circuit\/es\/jornadas-de-debate-20-de-junio-11-de-julio\/#primaryimage\"},\"thumbnailUrl\":\"https:\/\/www.artbarcelona.es\/circuit\/wp-content\/uploads\/sites\/8\/2015\/06\/plataforma.jpg\",\"articleSection\":[\"General @es\"],\"inLanguage\":\"es\",\"potentialAction\":[{\"@type\":\"CommentAction\",\"name\":\"Comment\",\"target\":[\"https:\/\/www.artbarcelona.es\/circuit\/es\/jornadas-de-debate-20-de-junio-11-de-julio\/#respond\"]}]},{\"@type\":\"WebPage\",\"@id\":\"https:\/\/www.artbarcelona.es\/circuit\/es\/jornadas-de-debate-20-de-junio-11-de-julio\/\",\"url\":\"https:\/\/www.artbarcelona.es\/circuit\/es\/jornadas-de-debate-20-de-junio-11-de-julio\/\",\"name\":\"Jornadas de Debate. 20 de junio \/ 11 de julio - Circuit d\u2019Art Contemporani\",\"isPartOf\":{\"@id\":\"https:\/\/www.artbarcelona.es\/circuit\/en\/#website\"},\"primaryImageOfPage\":{\"@id\":\"https:\/\/www.artbarcelona.es\/circuit\/es\/jornadas-de-debate-20-de-junio-11-de-julio\/#primaryimage\"},\"image\":{\"@id\":\"https:\/\/www.artbarcelona.es\/circuit\/es\/jornadas-de-debate-20-de-junio-11-de-julio\/#primaryimage\"},\"thumbnailUrl\":\"https:\/\/www.artbarcelona.es\/circuit\/wp-content\/uploads\/sites\/8\/2015\/06\/plataforma.jpg\",\"datePublished\":\"2015-06-12T08:34:20+00:00\",\"dateModified\":\"2015-06-12T08:34:55+00:00\",\"author\":{\"@id\":\"https:\/\/www.artbarcelona.es\/circuit\/en\/#\/schema\/person\/c379f777c7a53ecc191a63a3e51b2bad\"},\"breadcrumb\":{\"@id\":\"https:\/\/www.artbarcelona.es\/circuit\/es\/jornadas-de-debate-20-de-junio-11-de-julio\/#breadcrumb\"},\"inLanguage\":\"es\",\"potentialAction\":[{\"@type\":\"ReadAction\",\"target\":[\"https:\/\/www.artbarcelona.es\/circuit\/es\/jornadas-de-debate-20-de-junio-11-de-julio\/\"]}]},{\"@type\":\"ImageObject\",\"inLanguage\":\"es\",\"@id\":\"https:\/\/www.artbarcelona.es\/circuit\/es\/jornadas-de-debate-20-de-junio-11-de-julio\/#primaryimage\",\"url\":\"https:\/\/www.artbarcelona.es\/circuit\/wp-content\/uploads\/sites\/8\/2015\/06\/plataforma.jpg\",\"contentUrl\":\"https:\/\/www.artbarcelona.es\/circuit\/wp-content\/uploads\/sites\/8\/2015\/06\/plataforma.jpg\",\"width\":752,\"height\":444},{\"@type\":\"BreadcrumbList\",\"@id\":\"https:\/\/www.artbarcelona.es\/circuit\/es\/jornadas-de-debate-20-de-junio-11-de-julio\/#breadcrumb\",\"itemListElement\":[{\"@type\":\"ListItem\",\"position\":1,\"name\":\"Inici\",\"item\":\"https:\/\/www.artbarcelona.es\/circuit\/es\/\"},{\"@type\":\"ListItem\",\"position\":2,\"name\":\"Jornadas de Debate. 20 de junio \/ 11 de julio\"}]},{\"@type\":\"WebSite\",\"@id\":\"https:\/\/www.artbarcelona.es\/circuit\/en\/#website\",\"url\":\"https:\/\/www.artbarcelona.es\/circuit\/en\/\",\"name\":\"Circuit d\u2019Art Contemporani\",\"description\":\"Altre lloc gestionat amb el WordPress\",\"potentialAction\":[{\"@type\":\"SearchAction\",\"target\":{\"@type\":\"EntryPoint\",\"urlTemplate\":\"https:\/\/www.artbarcelona.es\/circuit\/en\/?s={search_term_string}\"},\"query-input\":{\"@type\":\"PropertyValueSpecification\",\"valueRequired\":true,\"valueName\":\"search_term_string\"}}],\"inLanguage\":\"es\"},{\"@type\":\"Person\",\"@id\":\"https:\/\/www.artbarcelona.es\/circuit\/en\/#\/schema\/person\/c379f777c7a53ecc191a63a3e51b2bad\",\"name\":\"artbcn\",\"image\":{\"@type\":\"ImageObject\",\"inLanguage\":\"es\",\"@id\":\"https:\/\/www.artbarcelona.es\/circuit\/en\/#\/schema\/person\/image\/\",\"url\":\"https:\/\/secure.gravatar.com\/avatar\/4ddf659beed766a1822ba183801467f90daf7575c74b5566b29c3afe4deef47f?s=96&d=mm&r=g\",\"contentUrl\":\"https:\/\/secure.gravatar.com\/avatar\/4ddf659beed766a1822ba183801467f90daf7575c74b5566b29c3afe4deef47f?s=96&d=mm&r=g\",\"caption\":\"artbcn\"},\"url\":\"https:\/\/www.artbarcelona.es\/circuit\/es\/author\/artbcn\/\"}]}<\/script>\n<!-- \/ Yoast SEO plugin. -->","yoast_head_json":{"title":"Jornadas de Debate. 20 de junio \/ 11 de julio - Circuit d\u2019Art Contemporani","robots":{"index":"index","follow":"follow","max-snippet":"max-snippet:-1","max-image-preview":"max-image-preview:large","max-video-preview":"max-video-preview:-1"},"canonical":"https:\/\/www.artbarcelona.es\/circuit\/es\/jornadas-de-debate-20-de-junio-11-de-julio\/","og_locale":"es_ES","og_type":"article","og_title":"Jornadas de Debate. 20 de junio \/ 11 de julio - Circuit d\u2019Art Contemporani","og_description":"Los agentes de las Artes Visuales de Catalu\u00f1a nos encontramos para debatir sobre la situaci\u00f3n de nuestro sector. Queremos que nuestras artes recuperen la fuerza cultural y la implantaci\u00f3n social que nunca ten\u00edan que haber perdido. La creaci\u00f3n nace desde bajo. Y proponemos unas Jornadas para reflexionar sobre el pasado m\u00e1s reciente (los recortes en [&hellip;]","og_url":"https:\/\/www.artbarcelona.es\/circuit\/es\/jornadas-de-debate-20-de-junio-11-de-julio\/","og_site_name":"Circuit d\u2019Art Contemporani","article_published_time":"2015-06-12T08:34:20+00:00","article_modified_time":"2015-06-12T08:34:55+00:00","og_image":[{"width":752,"height":444,"url":"https:\/\/www.artbarcelona.es\/circuit\/wp-content\/uploads\/sites\/8\/2015\/06\/plataforma.jpg","type":"image\/jpeg"}],"author":"artbcn","twitter_card":"summary_large_image","twitter_misc":{"Escrito por":"artbcn","Tiempo de lectura":"3 minutos"},"schema":{"@context":"https:\/\/schema.org","@graph":[{"@type":"Article","@id":"https:\/\/www.artbarcelona.es\/circuit\/es\/jornadas-de-debate-20-de-junio-11-de-julio\/#article","isPartOf":{"@id":"https:\/\/www.artbarcelona.es\/circuit\/es\/jornadas-de-debate-20-de-junio-11-de-julio\/"},"author":{"name":"artbcn","@id":"https:\/\/www.artbarcelona.es\/circuit\/en\/#\/schema\/person\/c379f777c7a53ecc191a63a3e51b2bad"},"headline":"Jornadas de Debate. 20 de junio \/ 11 de julio","datePublished":"2015-06-12T08:34:20+00:00","dateModified":"2015-06-12T08:34:55+00:00","mainEntityOfPage":{"@id":"https:\/\/www.artbarcelona.es\/circuit\/es\/jornadas-de-debate-20-de-junio-11-de-julio\/"},"wordCount":522,"commentCount":0,"image":{"@id":"https:\/\/www.artbarcelona.es\/circuit\/es\/jornadas-de-debate-20-de-junio-11-de-julio\/#primaryimage"},"thumbnailUrl":"https:\/\/www.artbarcelona.es\/circuit\/wp-content\/uploads\/sites\/8\/2015\/06\/plataforma.jpg","articleSection":["General @es"],"inLanguage":"es","potentialAction":[{"@type":"CommentAction","name":"Comment","target":["https:\/\/www.artbarcelona.es\/circuit\/es\/jornadas-de-debate-20-de-junio-11-de-julio\/#respond"]}]},{"@type":"WebPage","@id":"https:\/\/www.artbarcelona.es\/circuit\/es\/jornadas-de-debate-20-de-junio-11-de-julio\/","url":"https:\/\/www.artbarcelona.es\/circuit\/es\/jornadas-de-debate-20-de-junio-11-de-julio\/","name":"Jornadas de Debate. 20 de junio \/ 11 de julio - Circuit d\u2019Art Contemporani","isPartOf":{"@id":"https:\/\/www.artbarcelona.es\/circuit\/en\/#website"},"primaryImageOfPage":{"@id":"https:\/\/www.artbarcelona.es\/circuit\/es\/jornadas-de-debate-20-de-junio-11-de-julio\/#primaryimage"},"image":{"@id":"https:\/\/www.artbarcelona.es\/circuit\/es\/jornadas-de-debate-20-de-junio-11-de-julio\/#primaryimage"},"thumbnailUrl":"https:\/\/www.artbarcelona.es\/circuit\/wp-content\/uploads\/sites\/8\/2015\/06\/plataforma.jpg","datePublished":"2015-06-12T08:34:20+00:00","dateModified":"2015-06-12T08:34:55+00:00","author":{"@id":"https:\/\/www.artbarcelona.es\/circuit\/en\/#\/schema\/person\/c379f777c7a53ecc191a63a3e51b2bad"},"breadcrumb":{"@id":"https:\/\/www.artbarcelona.es\/circuit\/es\/jornadas-de-debate-20-de-junio-11-de-julio\/#breadcrumb"},"inLanguage":"es","potentialAction":[{"@type":"ReadAction","target":["https:\/\/www.artbarcelona.es\/circuit\/es\/jornadas-de-debate-20-de-junio-11-de-julio\/"]}]},{"@type":"ImageObject","inLanguage":"es","@id":"https:\/\/www.artbarcelona.es\/circuit\/es\/jornadas-de-debate-20-de-junio-11-de-julio\/#primaryimage","url":"https:\/\/www.artbarcelona.es\/circuit\/wp-content\/uploads\/sites\/8\/2015\/06\/plataforma.jpg","contentUrl":"https:\/\/www.artbarcelona.es\/circuit\/wp-content\/uploads\/sites\/8\/2015\/06\/plataforma.jpg","width":752,"height":444},{"@type":"BreadcrumbList","@id":"https:\/\/www.artbarcelona.es\/circuit\/es\/jornadas-de-debate-20-de-junio-11-de-julio\/#breadcrumb","itemListElement":[{"@type":"ListItem","position":1,"name":"Inici","item":"https:\/\/www.artbarcelona.es\/circuit\/es\/"},{"@type":"ListItem","position":2,"name":"Jornadas de Debate. 20 de junio \/ 11 de julio"}]},{"@type":"WebSite","@id":"https:\/\/www.artbarcelona.es\/circuit\/en\/#website","url":"https:\/\/www.artbarcelona.es\/circuit\/en\/","name":"Circuit d\u2019Art Contemporani","description":"Altre lloc gestionat amb el WordPress","potentialAction":[{"@type":"SearchAction","target":{"@type":"EntryPoint","urlTemplate":"https:\/\/www.artbarcelona.es\/circuit\/en\/?s={search_term_string}"},"query-input":{"@type":"PropertyValueSpecification","valueRequired":true,"valueName":"search_term_string"}}],"inLanguage":"es"},{"@type":"Person","@id":"https:\/\/www.artbarcelona.es\/circuit\/en\/#\/schema\/person\/c379f777c7a53ecc191a63a3e51b2bad","name":"artbcn","image":{"@type":"ImageObject","inLanguage":"es","@id":"https:\/\/www.artbarcelona.es\/circuit\/en\/#\/schema\/person\/image\/","url":"https:\/\/secure.gravatar.com\/avatar\/4ddf659beed766a1822ba183801467f90daf7575c74b5566b29c3afe4deef47f?s=96&d=mm&r=g","contentUrl":"https:\/\/secure.gravatar.com\/avatar\/4ddf659beed766a1822ba183801467f90daf7575c74b5566b29c3afe4deef47f?s=96&d=mm&r=g","caption":"artbcn"},"url":"https:\/\/www.artbarcelona.es\/circuit\/es\/author\/artbcn\/"}]}},"acf":[],"_links":{"self":[{"href":"https:\/\/www.artbarcelona.es\/circuit\/es\/wp-json\/wp\/v2\/posts\/2622","targetHints":{"allow":["GET"]}}],"collection":[{"href":"https:\/\/www.artbarcelona.es\/circuit\/es\/wp-json\/wp\/v2\/posts"}],"about":[{"href":"https:\/\/www.artbarcelona.es\/circuit\/es\/wp-json\/wp\/v2\/types\/post"}],"author":[{"embeddable":true,"href":"https:\/\/www.artbarcelona.es\/circuit\/es\/wp-json\/wp\/v2\/users\/1"}],"replies":[{"embeddable":true,"href":"https:\/\/www.artbarcelona.es\/circuit\/es\/wp-json\/wp\/v2\/comments?post=2622"}],"version-history":[{"count":2,"href":"https:\/\/www.artbarcelona.es\/circuit\/es\/wp-json\/wp\/v2\/posts\/2622\/revisions"}],"predecessor-version":[{"id":2624,"href":"https:\/\/www.artbarcelona.es\/circuit\/es\/wp-json\/wp\/v2\/posts\/2622\/revisions\/2624"}],"wp:featuredmedia":[{"embeddable":true,"href":"https:\/\/www.artbarcelona.es\/circuit\/es\/wp-json\/wp\/v2\/media\/2621"}],"wp:attachment":[{"href":"https:\/\/www.artbarcelona.es\/circuit\/es\/wp-json\/wp\/v2\/media?parent=2622"}],"wp:term":[{"taxonomy":"category","embeddable":true,"href":"https:\/\/www.artbarcelona.es\/circuit\/es\/wp-json\/wp\/v2\/categories?post=2622"},{"taxonomy":"post_tag","embeddable":true,"href":"https:\/\/www.artbarcelona.es\/circuit\/es\/wp-json\/wp\/v2\/tags?post=2622"}],"curies":[{"name":"wp","href":"https:\/\/api.w.org\/{rel}","templated":true}]}}