{"id":2839,"date":"2015-09-16T12:15:54","date_gmt":"2015-09-16T11:15:54","guid":{"rendered":"http:\/\/www.artbarcelona.es\/circuit\/?p=2839"},"modified":"2015-09-16T12:15:54","modified_gmt":"2015-09-16T11:15:54","slug":"el-barcelona-gallery-weekend-llenara-la-ciudad-de-arte","status":"publish","type":"post","link":"https:\/\/www.artbarcelona.es\/circuit\/es\/el-barcelona-gallery-weekend-llenara-la-ciudad-de-arte\/","title":{"rendered":"El Barcelona Gallery Weekend llenar\u00e1 la ciudad de arte"},"content":{"rendered":"<p><strong>Del 1 al 4 de Octubre.<\/strong><\/p>\n<p>Cuatro d\u00edas en los que Barcelona ofrecer\u00e1 un programa art\u00edstico de gran inter\u00e9s en 40 espacios de la ciudad y de su \u00e1rea metropolitana. Una programaci\u00f3n especial en galer\u00edas, instituciones y espacios singulares que pondr\u00e1 de relieve el potencial creativo, la calidez y la buena acogida de Barcelona.<\/p>\n<p>En esta primera edici\u00f3n,<strong> 21 galer\u00edas de arte contempor\u00e1neo y de vanguardia<\/strong> de la ciudad abrir\u00e1n sus puertas conjuntamente para mostrar lo mejor de sus programaciones:<\/p>\n<p><a href=\"http:\/\/www.barcelonagalleryweekend.com\/es\/espacio\/a34-es\/\" target=\"_blank\"><strong>A|34<\/strong><\/a> (Antoni Llena) \/ <a href=\"http:\/\/www.barcelonagalleryweekend.com\/es\/espacio\/adn-galeria-es\/\" target=\"_blank\"><strong>ADN Galer\u00eda<\/strong><\/a> (Bouchra Khalili) \/ <a href=\"http:\/\/www.barcelonagalleryweekend.com\/es\/espacio\/angels-barcelona-es\/\" target=\"_blank\"><strong>\u00e0ngels barcelona<\/strong><\/a> (Richard T. Walker) \/ <a href=\"http:\/\/www.barcelonagalleryweekend.com\/es\/espacio\/artur-ramon-art-es\/\" target=\"_blank\"><strong>Artur Ramon Art<\/strong><\/a> (<em>El Prodigio<\/em>, exposici\u00f3n colectiva) \/ <a href=\"http:\/\/www.barcelonagalleryweekend.com\/es\/espacio\/galeria-balaguer-es\/\" target=\"_blank\"><strong>Galer\u00eda Balaguer<\/strong> <\/a>(Diego Pujal) \/ <a href=\"http:\/\/www.barcelonagalleryweekend.com\/es\/espacio\/sala-dalmau-es\/\" target=\"_blank\"><strong>Sala Dalmau<\/strong><\/a> (Joaqu\u00edn Torres Garc\u00eda) \/ <a href=\"http:\/\/www.barcelonagalleryweekend.com\/es\/espacio\/galeria-carles-tache-3\/\" target=\"_blank\"><strong>Galer\u00eda Carles Tach\u00e9<\/strong><\/a> (<em>Exposici\u00f3n inaugural<\/em>, exposici\u00f3n colectiva) \/ <a href=\"http:\/\/www.barcelonagalleryweekend.com\/es\/espacio\/galeria-estrany-de-la-mota-es\/\" target=\"_blank\"><strong>Galer\u00eda Estrany \u2013 de la Mota<\/strong> <\/a>(Francesc Ruiz) \/ <a href=\"http:\/\/www.barcelonagalleryweekend.com\/es\/espacio\/ethall-es\/\" target=\"_blank\"><strong>etHALL<\/strong> <\/a>(Matt Madden) \/ <a href=\"http:\/\/www.barcelonagalleryweekend.com\/es\/espacio\/galeria-joan-prats-es\/\" target=\"_blank\"><strong>Galer\u00eda Joan Prats<\/strong><\/a> (Perejaume) \/ <a href=\"http:\/\/www.barcelonagalleryweekend.com\/es\/espacio\/galeria-barbie-es\/\" target=\"_blank\"><strong>Galer\u00eda Barbi\u00e9<\/strong> <\/a>(<em>Dimensiones de vanguardia<\/em>, exposici\u00f3n colectiva) \/ <a href=\"http:\/\/www.barcelonagalleryweekend.com\/es\/espacio\/galeria-marc-domenech-es\/\" target=\"_blank\"><strong>Galer\u00eda Marc Dom\u00e8nech<\/strong><\/a> (Alberto Magnelli, Fausto Melotti y Joan Mir\u00f3) \/ <a href=\"http:\/\/www.barcelonagalleryweekend.com\/es\/espacio\/galeria-marlborough-barcelona-es\/\" target=\"_blank\"><strong>Galer\u00eda Marlborough Barcelona<\/strong><\/a> (Antonio L\u00f3pez Garc\u00eda) \/<a href=\"http:\/\/www.barcelonagalleryweekend.com\/es\/espacio\/ana-mas-projects-es\/\" target=\"_blank\"> <strong>Ana Mas Projects<\/strong><\/a> (Luc\u00eda C. Pino e Irene van de Mheen) \/<a href=\"http:\/\/www.barcelonagalleryweekend.com\/es\/espacio\/mayoral-galeria-d-art\/\" target=\"_blank\"> <strong>Mayoral<\/strong> <\/a>(Salvador Dal\u00ed) \/ <a href=\"http:\/\/www.barcelonagalleryweekend.com\/es\/espacio\/gal-nogueras-blanchard-es\/\" target=\"_blank\"><strong>Nogueras Blanchard <\/strong><\/a>(Mladen Stilinovi\u0107) \/ <a href=\"http:\/\/www.barcelonagalleryweekend.com\/es\/espacio\/palmadotze-es\/\" target=\"_blank\"><strong>Palmadotze<\/strong><\/a> (Daniel G. And\u00fajar y Rogelio L\u00f3pez Cuenca) \/ <a href=\"http:\/\/www.barcelonagalleryweekend.com\/es\/espacio\/projectesd-es\/\" target=\"_blank\"><strong>ProjecteSD<\/strong> <\/a>(Matt Mullican) \/ <a href=\"http:\/\/www.barcelonagalleryweekend.com\/es\/espacio\/senda-es\/\" target=\"_blank\"><strong>Galer\u00eda Senda<\/strong><\/a> (Mathieu Pernot) \/ <a href=\"http:\/\/www.barcelonagalleryweekend.com\/es\/espacio\/galeria-sicart-joan-gaspar-es\/\" target=\"_blank\"><strong>Galer\u00eda Sicart \/ Joan Gaspar<\/strong><\/a> (Ruth Mor\u00e1n) \/ <a href=\"http:\/\/www.barcelonagalleryweekend.com\/es\/espacio\/galeria-trama-esp\/\" target=\"_blank\"><strong>Galer\u00eda Trama<\/strong><\/a> (\u00c1ngel Marcos)<\/p>\n<p>Adem\u00e1s, a cargo del equipo curatorial <strong>Latitudes<\/strong>, se llevar\u00e1 a cabo el programa \u201cComposiciones\u201d compuesto por cinco\u00a0intervenciones temporales en lugares singulares realizadas por los artistas: David Bestu\u00e9, Dora Garc\u00eda, Pere Llobera y\u00a0Rasmus Nilausen, Jordi Mitj\u00e1, y Daniel Steegmann Mangran\u00e9. <a href=\"http:\/\/www.barcelonagalleryweekend.com\/es\/programa\/\" target=\"_blank\">Leer m\u00e1s<\/a>.<\/p>\n<p>Por otra parte, conjuntamente con la Fundaci\u00f3n ARCO, se organizar\u00e1n rutas por los distintos espacios a trav\u00e9s del<strong> ARCO<\/strong><strong> Gallery Walk<\/strong>. Se trata de ofrecer <strong>visitas guiadas gratuitas<\/strong>\u00a0para el p\u00fablico de la ciudad que desee apuntarse. <a href=\"http:\/\/www.barcelonagalleryweekend.com\/es\/bgw-rutas\/\" target=\"_blank\">Leer m\u00e1s<\/a>.<\/p>\n<p>Finalmente, algunos<strong> espacios y entidades sin \u00e1nimo de lucro<\/strong> se incorporan al programa aportando otra perspectiva del arte desde sus \u00e1mbitos de trabajo, adem\u00e1s de sumarse las<strong> principales instituciones culturales<\/strong> de la ciudad son su programaci\u00f3n. <a href=\"http:\/\/www.barcelonagalleryweekend.com\/es\/espacios\/\" target=\"_blank\">Leer m\u00e1s.<\/a><\/p>\n<p><strong>Barcelona Gallery Weekend<\/strong>, una iniciativa de Art Barcelona, cuenta con la participaci\u00f3n del <strong>Ayuntamiento de Barcelona<\/strong>, la <strong>Generalitat de Catalunya<\/strong>, el <strong>Ministerio de Educaci\u00f3n, Cultura y Deporte<\/strong>, el <strong>Ayuntamiento de L\u2019Hospitalet<\/strong> y de las diferentes empresas, hoteles y mecenas particulares que se han sumado al evento. Gracias a ellos, esperamos que el\u00a0<strong>Barcelona Gallery Weekend<\/strong>\u00a0se convierta en la cita anual de arte de nuestra ciudad.<\/p>\n","protected":false},"excerpt":{"rendered":"<p>Del 1 al 4 de Octubre. Cuatro d\u00edas en los que Barcelona ofrecer\u00e1 un programa art\u00edstico de gran inter\u00e9s en 40 espacios de la ciudad y de su \u00e1rea metropolitana. Una programaci\u00f3n especial en galer\u00edas, instituciones y espacios singulares que pondr\u00e1 de relieve el potencial creativo, la calidez y la buena acogida de Barcelona. En [&hellip;]<\/p>\n","protected":false},"author":1,"featured_media":2837,"comment_status":"open","ping_status":"open","sticky":false,"template":"","format":"standard","meta":{"_acf_changed":false,"footnotes":""},"categories":[3],"tags":[],"class_list":["post-2839","post","type-post","status-publish","format-standard","has-post-thumbnail","hentry","category-general-es"],"yoast_head":"<!-- This site is optimized with the Yoast SEO plugin v27.0 - https:\/\/yoast.com\/product\/yoast-seo-wordpress\/ -->\n<title>El Barcelona Gallery Weekend llenar\u00e1 la ciudad de arte - Circuit d\u2019Art Contemporani<\/title>\n<meta name=\"robots\" content=\"index, follow, max-snippet:-1, max-image-preview:large, max-video-preview:-1\" \/>\n<link rel=\"canonical\" href=\"https:\/\/www.artbarcelona.es\/circuit\/es\/el-barcelona-gallery-weekend-llenara-la-ciudad-de-arte\/\" \/>\n<meta property=\"og:locale\" content=\"es_ES\" \/>\n<meta property=\"og:type\" content=\"article\" \/>\n<meta property=\"og:title\" content=\"El Barcelona Gallery Weekend llenar\u00e1 la ciudad de arte - Circuit d\u2019Art Contemporani\" \/>\n<meta property=\"og:description\" content=\"Del 1 al 4 de Octubre. Cuatro d\u00edas en los que Barcelona ofrecer\u00e1 un programa art\u00edstico de gran inter\u00e9s en 40 espacios de la ciudad y de su \u00e1rea metropolitana. Una programaci\u00f3n especial en galer\u00edas, instituciones y espacios singulares que pondr\u00e1 de relieve el potencial creativo, la calidez y la buena acogida de Barcelona. En [&hellip;]\" \/>\n<meta property=\"og:url\" content=\"https:\/\/www.artbarcelona.es\/circuit\/es\/el-barcelona-gallery-weekend-llenara-la-ciudad-de-arte\/\" \/>\n<meta property=\"og:site_name\" content=\"Circuit d\u2019Art Contemporani\" \/>\n<meta property=\"article:published_time\" content=\"2015-09-16T11:15:54+00:00\" \/>\n<meta property=\"og:image\" content=\"https:\/\/www.artbarcelona.es\/circuit\/wp-content\/uploads\/sites\/8\/2015\/09\/2015-07-17-18.08.jpg\" \/>\n\t<meta property=\"og:image:width\" content=\"1800\" \/>\n\t<meta property=\"og:image:height\" content=\"1350\" \/>\n\t<meta property=\"og:image:type\" content=\"image\/jpeg\" \/>\n<meta name=\"author\" content=\"artbcn\" \/>\n<meta name=\"twitter:card\" content=\"summary_large_image\" \/>\n<meta name=\"twitter:label1\" content=\"Escrito por\" \/>\n\t<meta name=\"twitter:data1\" content=\"artbcn\" \/>\n\t<meta name=\"twitter:label2\" content=\"Tiempo de lectura\" \/>\n\t<meta name=\"twitter:data2\" content=\"2 minutos\" \/>\n<script type=\"application\/ld+json\" class=\"yoast-schema-graph\">{\"@context\":\"https:\/\/schema.org\",\"@graph\":[{\"@type\":\"Article\",\"@id\":\"https:\/\/www.artbarcelona.es\/circuit\/es\/el-barcelona-gallery-weekend-llenara-la-ciudad-de-arte\/#article\",\"isPartOf\":{\"@id\":\"https:\/\/www.artbarcelona.es\/circuit\/es\/el-barcelona-gallery-weekend-llenara-la-ciudad-de-arte\/\"},\"author\":{\"name\":\"artbcn\",\"@id\":\"https:\/\/www.artbarcelona.es\/circuit\/en\/#\/schema\/person\/c379f777c7a53ecc191a63a3e51b2bad\"},\"headline\":\"El Barcelona Gallery Weekend llenar\u00e1 la ciudad de arte\",\"datePublished\":\"2015-09-16T11:15:54+00:00\",\"mainEntityOfPage\":{\"@id\":\"https:\/\/www.artbarcelona.es\/circuit\/es\/el-barcelona-gallery-weekend-llenara-la-ciudad-de-arte\/\"},\"wordCount\":433,\"commentCount\":0,\"image\":{\"@id\":\"https:\/\/www.artbarcelona.es\/circuit\/es\/el-barcelona-gallery-weekend-llenara-la-ciudad-de-arte\/#primaryimage\"},\"thumbnailUrl\":\"https:\/\/www.artbarcelona.es\/circuit\/wp-content\/uploads\/sites\/8\/2015\/09\/2015-07-17-18.08.jpg\",\"articleSection\":[\"General @es\"],\"inLanguage\":\"es\",\"potentialAction\":[{\"@type\":\"CommentAction\",\"name\":\"Comment\",\"target\":[\"https:\/\/www.artbarcelona.es\/circuit\/es\/el-barcelona-gallery-weekend-llenara-la-ciudad-de-arte\/#respond\"]}]},{\"@type\":\"WebPage\",\"@id\":\"https:\/\/www.artbarcelona.es\/circuit\/es\/el-barcelona-gallery-weekend-llenara-la-ciudad-de-arte\/\",\"url\":\"https:\/\/www.artbarcelona.es\/circuit\/es\/el-barcelona-gallery-weekend-llenara-la-ciudad-de-arte\/\",\"name\":\"El Barcelona Gallery Weekend llenar\u00e1 la ciudad de arte - Circuit d\u2019Art Contemporani\",\"isPartOf\":{\"@id\":\"https:\/\/www.artbarcelona.es\/circuit\/en\/#website\"},\"primaryImageOfPage\":{\"@id\":\"https:\/\/www.artbarcelona.es\/circuit\/es\/el-barcelona-gallery-weekend-llenara-la-ciudad-de-arte\/#primaryimage\"},\"image\":{\"@id\":\"https:\/\/www.artbarcelona.es\/circuit\/es\/el-barcelona-gallery-weekend-llenara-la-ciudad-de-arte\/#primaryimage\"},\"thumbnailUrl\":\"https:\/\/www.artbarcelona.es\/circuit\/wp-content\/uploads\/sites\/8\/2015\/09\/2015-07-17-18.08.jpg\",\"datePublished\":\"2015-09-16T11:15:54+00:00\",\"author\":{\"@id\":\"https:\/\/www.artbarcelona.es\/circuit\/en\/#\/schema\/person\/c379f777c7a53ecc191a63a3e51b2bad\"},\"breadcrumb\":{\"@id\":\"https:\/\/www.artbarcelona.es\/circuit\/es\/el-barcelona-gallery-weekend-llenara-la-ciudad-de-arte\/#breadcrumb\"},\"inLanguage\":\"es\",\"potentialAction\":[{\"@type\":\"ReadAction\",\"target\":[\"https:\/\/www.artbarcelona.es\/circuit\/es\/el-barcelona-gallery-weekend-llenara-la-ciudad-de-arte\/\"]}]},{\"@type\":\"ImageObject\",\"inLanguage\":\"es\",\"@id\":\"https:\/\/www.artbarcelona.es\/circuit\/es\/el-barcelona-gallery-weekend-llenara-la-ciudad-de-arte\/#primaryimage\",\"url\":\"https:\/\/www.artbarcelona.es\/circuit\/wp-content\/uploads\/sites\/8\/2015\/09\/2015-07-17-18.08.jpg\",\"contentUrl\":\"https:\/\/www.artbarcelona.es\/circuit\/wp-content\/uploads\/sites\/8\/2015\/09\/2015-07-17-18.08.jpg\",\"width\":1800,\"height\":1350},{\"@type\":\"BreadcrumbList\",\"@id\":\"https:\/\/www.artbarcelona.es\/circuit\/es\/el-barcelona-gallery-weekend-llenara-la-ciudad-de-arte\/#breadcrumb\",\"itemListElement\":[{\"@type\":\"ListItem\",\"position\":1,\"name\":\"Inici\",\"item\":\"https:\/\/www.artbarcelona.es\/circuit\/es\/\"},{\"@type\":\"ListItem\",\"position\":2,\"name\":\"El Barcelona Gallery Weekend llenar\u00e1 la ciudad de arte\"}]},{\"@type\":\"WebSite\",\"@id\":\"https:\/\/www.artbarcelona.es\/circuit\/en\/#website\",\"url\":\"https:\/\/www.artbarcelona.es\/circuit\/en\/\",\"name\":\"Circuit d\u2019Art Contemporani\",\"description\":\"Altre lloc gestionat amb el WordPress\",\"potentialAction\":[{\"@type\":\"SearchAction\",\"target\":{\"@type\":\"EntryPoint\",\"urlTemplate\":\"https:\/\/www.artbarcelona.es\/circuit\/en\/?s={search_term_string}\"},\"query-input\":{\"@type\":\"PropertyValueSpecification\",\"valueRequired\":true,\"valueName\":\"search_term_string\"}}],\"inLanguage\":\"es\"},{\"@type\":\"Person\",\"@id\":\"https:\/\/www.artbarcelona.es\/circuit\/en\/#\/schema\/person\/c379f777c7a53ecc191a63a3e51b2bad\",\"name\":\"artbcn\",\"image\":{\"@type\":\"ImageObject\",\"inLanguage\":\"es\",\"@id\":\"https:\/\/www.artbarcelona.es\/circuit\/en\/#\/schema\/person\/image\/\",\"url\":\"https:\/\/secure.gravatar.com\/avatar\/4ddf659beed766a1822ba183801467f90daf7575c74b5566b29c3afe4deef47f?s=96&d=mm&r=g\",\"contentUrl\":\"https:\/\/secure.gravatar.com\/avatar\/4ddf659beed766a1822ba183801467f90daf7575c74b5566b29c3afe4deef47f?s=96&d=mm&r=g\",\"caption\":\"artbcn\"},\"url\":\"https:\/\/www.artbarcelona.es\/circuit\/es\/author\/artbcn\/\"}]}<\/script>\n<!-- \/ Yoast SEO plugin. -->","yoast_head_json":{"title":"El Barcelona Gallery Weekend llenar\u00e1 la ciudad de arte - Circuit d\u2019Art Contemporani","robots":{"index":"index","follow":"follow","max-snippet":"max-snippet:-1","max-image-preview":"max-image-preview:large","max-video-preview":"max-video-preview:-1"},"canonical":"https:\/\/www.artbarcelona.es\/circuit\/es\/el-barcelona-gallery-weekend-llenara-la-ciudad-de-arte\/","og_locale":"es_ES","og_type":"article","og_title":"El Barcelona Gallery Weekend llenar\u00e1 la ciudad de arte - Circuit d\u2019Art Contemporani","og_description":"Del 1 al 4 de Octubre. Cuatro d\u00edas en los que Barcelona ofrecer\u00e1 un programa art\u00edstico de gran inter\u00e9s en 40 espacios de la ciudad y de su \u00e1rea metropolitana. Una programaci\u00f3n especial en galer\u00edas, instituciones y espacios singulares que pondr\u00e1 de relieve el potencial creativo, la calidez y la buena acogida de Barcelona. En [&hellip;]","og_url":"https:\/\/www.artbarcelona.es\/circuit\/es\/el-barcelona-gallery-weekend-llenara-la-ciudad-de-arte\/","og_site_name":"Circuit d\u2019Art Contemporani","article_published_time":"2015-09-16T11:15:54+00:00","og_image":[{"width":1800,"height":1350,"url":"https:\/\/www.artbarcelona.es\/circuit\/wp-content\/uploads\/sites\/8\/2015\/09\/2015-07-17-18.08.jpg","type":"image\/jpeg"}],"author":"artbcn","twitter_card":"summary_large_image","twitter_misc":{"Escrito por":"artbcn","Tiempo de lectura":"2 minutos"},"schema":{"@context":"https:\/\/schema.org","@graph":[{"@type":"Article","@id":"https:\/\/www.artbarcelona.es\/circuit\/es\/el-barcelona-gallery-weekend-llenara-la-ciudad-de-arte\/#article","isPartOf":{"@id":"https:\/\/www.artbarcelona.es\/circuit\/es\/el-barcelona-gallery-weekend-llenara-la-ciudad-de-arte\/"},"author":{"name":"artbcn","@id":"https:\/\/www.artbarcelona.es\/circuit\/en\/#\/schema\/person\/c379f777c7a53ecc191a63a3e51b2bad"},"headline":"El Barcelona Gallery Weekend llenar\u00e1 la ciudad de arte","datePublished":"2015-09-16T11:15:54+00:00","mainEntityOfPage":{"@id":"https:\/\/www.artbarcelona.es\/circuit\/es\/el-barcelona-gallery-weekend-llenara-la-ciudad-de-arte\/"},"wordCount":433,"commentCount":0,"image":{"@id":"https:\/\/www.artbarcelona.es\/circuit\/es\/el-barcelona-gallery-weekend-llenara-la-ciudad-de-arte\/#primaryimage"},"thumbnailUrl":"https:\/\/www.artbarcelona.es\/circuit\/wp-content\/uploads\/sites\/8\/2015\/09\/2015-07-17-18.08.jpg","articleSection":["General @es"],"inLanguage":"es","potentialAction":[{"@type":"CommentAction","name":"Comment","target":["https:\/\/www.artbarcelona.es\/circuit\/es\/el-barcelona-gallery-weekend-llenara-la-ciudad-de-arte\/#respond"]}]},{"@type":"WebPage","@id":"https:\/\/www.artbarcelona.es\/circuit\/es\/el-barcelona-gallery-weekend-llenara-la-ciudad-de-arte\/","url":"https:\/\/www.artbarcelona.es\/circuit\/es\/el-barcelona-gallery-weekend-llenara-la-ciudad-de-arte\/","name":"El Barcelona Gallery Weekend llenar\u00e1 la ciudad de arte - Circuit d\u2019Art Contemporani","isPartOf":{"@id":"https:\/\/www.artbarcelona.es\/circuit\/en\/#website"},"primaryImageOfPage":{"@id":"https:\/\/www.artbarcelona.es\/circuit\/es\/el-barcelona-gallery-weekend-llenara-la-ciudad-de-arte\/#primaryimage"},"image":{"@id":"https:\/\/www.artbarcelona.es\/circuit\/es\/el-barcelona-gallery-weekend-llenara-la-ciudad-de-arte\/#primaryimage"},"thumbnailUrl":"https:\/\/www.artbarcelona.es\/circuit\/wp-content\/uploads\/sites\/8\/2015\/09\/2015-07-17-18.08.jpg","datePublished":"2015-09-16T11:15:54+00:00","author":{"@id":"https:\/\/www.artbarcelona.es\/circuit\/en\/#\/schema\/person\/c379f777c7a53ecc191a63a3e51b2bad"},"breadcrumb":{"@id":"https:\/\/www.artbarcelona.es\/circuit\/es\/el-barcelona-gallery-weekend-llenara-la-ciudad-de-arte\/#breadcrumb"},"inLanguage":"es","potentialAction":[{"@type":"ReadAction","target":["https:\/\/www.artbarcelona.es\/circuit\/es\/el-barcelona-gallery-weekend-llenara-la-ciudad-de-arte\/"]}]},{"@type":"ImageObject","inLanguage":"es","@id":"https:\/\/www.artbarcelona.es\/circuit\/es\/el-barcelona-gallery-weekend-llenara-la-ciudad-de-arte\/#primaryimage","url":"https:\/\/www.artbarcelona.es\/circuit\/wp-content\/uploads\/sites\/8\/2015\/09\/2015-07-17-18.08.jpg","contentUrl":"https:\/\/www.artbarcelona.es\/circuit\/wp-content\/uploads\/sites\/8\/2015\/09\/2015-07-17-18.08.jpg","width":1800,"height":1350},{"@type":"BreadcrumbList","@id":"https:\/\/www.artbarcelona.es\/circuit\/es\/el-barcelona-gallery-weekend-llenara-la-ciudad-de-arte\/#breadcrumb","itemListElement":[{"@type":"ListItem","position":1,"name":"Inici","item":"https:\/\/www.artbarcelona.es\/circuit\/es\/"},{"@type":"ListItem","position":2,"name":"El Barcelona Gallery Weekend llenar\u00e1 la ciudad de arte"}]},{"@type":"WebSite","@id":"https:\/\/www.artbarcelona.es\/circuit\/en\/#website","url":"https:\/\/www.artbarcelona.es\/circuit\/en\/","name":"Circuit d\u2019Art Contemporani","description":"Altre lloc gestionat amb el WordPress","potentialAction":[{"@type":"SearchAction","target":{"@type":"EntryPoint","urlTemplate":"https:\/\/www.artbarcelona.es\/circuit\/en\/?s={search_term_string}"},"query-input":{"@type":"PropertyValueSpecification","valueRequired":true,"valueName":"search_term_string"}}],"inLanguage":"es"},{"@type":"Person","@id":"https:\/\/www.artbarcelona.es\/circuit\/en\/#\/schema\/person\/c379f777c7a53ecc191a63a3e51b2bad","name":"artbcn","image":{"@type":"ImageObject","inLanguage":"es","@id":"https:\/\/www.artbarcelona.es\/circuit\/en\/#\/schema\/person\/image\/","url":"https:\/\/secure.gravatar.com\/avatar\/4ddf659beed766a1822ba183801467f90daf7575c74b5566b29c3afe4deef47f?s=96&d=mm&r=g","contentUrl":"https:\/\/secure.gravatar.com\/avatar\/4ddf659beed766a1822ba183801467f90daf7575c74b5566b29c3afe4deef47f?s=96&d=mm&r=g","caption":"artbcn"},"url":"https:\/\/www.artbarcelona.es\/circuit\/es\/author\/artbcn\/"}]}},"acf":[],"_links":{"self":[{"href":"https:\/\/www.artbarcelona.es\/circuit\/es\/wp-json\/wp\/v2\/posts\/2839","targetHints":{"allow":["GET"]}}],"collection":[{"href":"https:\/\/www.artbarcelona.es\/circuit\/es\/wp-json\/wp\/v2\/posts"}],"about":[{"href":"https:\/\/www.artbarcelona.es\/circuit\/es\/wp-json\/wp\/v2\/types\/post"}],"author":[{"embeddable":true,"href":"https:\/\/www.artbarcelona.es\/circuit\/es\/wp-json\/wp\/v2\/users\/1"}],"replies":[{"embeddable":true,"href":"https:\/\/www.artbarcelona.es\/circuit\/es\/wp-json\/wp\/v2\/comments?post=2839"}],"version-history":[{"count":1,"href":"https:\/\/www.artbarcelona.es\/circuit\/es\/wp-json\/wp\/v2\/posts\/2839\/revisions"}],"predecessor-version":[{"id":2840,"href":"https:\/\/www.artbarcelona.es\/circuit\/es\/wp-json\/wp\/v2\/posts\/2839\/revisions\/2840"}],"wp:featuredmedia":[{"embeddable":true,"href":"https:\/\/www.artbarcelona.es\/circuit\/es\/wp-json\/wp\/v2\/media\/2837"}],"wp:attachment":[{"href":"https:\/\/www.artbarcelona.es\/circuit\/es\/wp-json\/wp\/v2\/media?parent=2839"}],"wp:term":[{"taxonomy":"category","embeddable":true,"href":"https:\/\/www.artbarcelona.es\/circuit\/es\/wp-json\/wp\/v2\/categories?post=2839"},{"taxonomy":"post_tag","embeddable":true,"href":"https:\/\/www.artbarcelona.es\/circuit\/es\/wp-json\/wp\/v2\/tags?post=2839"}],"curies":[{"name":"wp","href":"https:\/\/api.w.org\/{rel}","templated":true}]}}