{"id":3676,"date":"2016-02-29T13:34:35","date_gmt":"2016-02-29T12:34:35","guid":{"rendered":"http:\/\/www.artbarcelona.es\/circuit\/?p=3676"},"modified":"2016-02-29T13:34:35","modified_gmt":"2016-02-29T12:34:35","slug":"cultura-viva-en-fabra-i-coats","status":"publish","type":"post","link":"https:\/\/www.artbarcelona.es\/circuit\/es\/cultura-viva-en-fabra-i-coats\/","title":{"rendered":"\u00abCultura Viva\u00bb en Fabra i Coats"},"content":{"rendered":"<h3><em>Un encuentro de ra\u00edces locales y perspectiva internacional que indaga, a partir de experiencias concretas, en la relaci\u00f3n entre ciudadan\u00eda, instituciones y espacios comunes de la cultura desde los valores democr\u00e1ticos de la transparencia, la cr\u00edtica, la proximidad y la participaci\u00f3n.<\/em><\/h3>\n<p><strong>1 y 2 de marzo<\/strong><\/p>\n<p><strong><a href=\"http:\/\/fabraicoats.bcn.cat\/es\/\" target=\"_blank\">Fabra i Coats &#8211; F\u00e1brica de Creaci\u00f3n<\/a><\/strong><\/p>\n<p>Vivimos hoy un proceso de profundas transformaciones sociales y pol\u00edticas que hace necesario abordar los nuevos retos que plantea para la cultura la relaci\u00f3n entre las instituciones y la ciudadan\u00eda. La ciudad de Barcelona se ha convertido en capital de los procesos de cambio democr\u00e1tico local que trabajan para poner las instituciones al servicio de la ciudadan\u00eda, transform\u00e1ndolas en espacios m\u00e1s abiertos y accesibles mediante la implementaci\u00f3n de mecanismos para fomentar la transparencia, el dise\u00f1o de procesos participativos y una profunda democratizaci\u00f3n de su gesti\u00f3n. Todo ello ata\u00f1e forzosamente al dise\u00f1o de las pol\u00edticas culturales y al modo en que en ese marco se conciben los procesos de colaboraci\u00f3n entre colectivos, asociaciones, agentes, empresas e instituciones culturales.<\/p>\n<p>Acostumbrados como estamos a o\u00edr hablar de la cultura como un recurso al servicio de la creaci\u00f3n de ingresos, de la pacificaci\u00f3n de conflictos sociales, de la producci\u00f3n de marca e identidad local o como un reclamo para visitantes, ha llegado la hora de significar la cultura como un bien com\u00fan, como un espacio de producci\u00f3n de valores que van m\u00e1s all\u00e1 del utilitarismo. En este proceso de democratizaci\u00f3n que vivimos es importante seguir fomentando la cultura como una fuente de riqueza y de sustento, pero tambi\u00e9n como una forma de vida: como una fuente de conocimientos y saberes, de pr\u00e1cticas y de valores, como un espacio de producci\u00f3n de narrativas e imaginarios, de lugares en los que identificarnos y con los que disentir. Como un espacio imprescindible desde el que pensar la vida en ciudad.<\/p>\n<p>La gesti\u00f3n com\u00fan de la cultura aspira a la autonom\u00eda y a la cr\u00edtica, la gesti\u00f3n p\u00fablica, a fomentar la proximidad y que todas y todos los ciudadanos podamos crear, consumir, compartir y disfrutar de una vida cultural rica y activa. Son, sin duda, grandes retos sobre los que es necesario reflexionar de forma colectiva y desde la voluntad de integrar voces, pr\u00e1cticas y necesidades.<\/p>\n<p>Por eso CULTURA VIVA se presenta como un encuentro de ra\u00edces locales y perspectiva internacional que indaga, a partir de experiencias concretas, en la relaci\u00f3n entre ciudadan\u00eda, instituciones y espacios comunes de la cultura desde los valores democr\u00e1ticos de la transparencia, la cr\u00edtica, la proximidad y la participaci\u00f3n.<\/p>\n<p><strong>M\u00e1s informaci\u00f3n <a href=\"http:\/\/ajuntament.barcelona.cat\/culturaviva\/es\/\" target=\"_blank\">aqu\u00ed<\/a><\/strong><\/p>\n","protected":false},"excerpt":{"rendered":"<p>Un encuentro de ra\u00edces locales y perspectiva internacional que indaga, a partir de experiencias concretas, en la relaci\u00f3n entre ciudadan\u00eda, instituciones y espacios comunes de la cultura desde los valores democr\u00e1ticos de la transparencia, la cr\u00edtica, la proximidad y la participaci\u00f3n. 1 y 2 de marzo Fabra i Coats &#8211; F\u00e1brica de Creaci\u00f3n Vivimos hoy [&hellip;]<\/p>\n","protected":false},"author":1,"featured_media":3674,"comment_status":"open","ping_status":"open","sticky":false,"template":"","format":"standard","meta":{"_acf_changed":false,"footnotes":""},"categories":[3],"tags":[],"class_list":["post-3676","post","type-post","status-publish","format-standard","has-post-thumbnail","hentry","category-general-es"],"yoast_head":"<!-- This site is optimized with the Yoast SEO plugin v27.0 - https:\/\/yoast.com\/product\/yoast-seo-wordpress\/ -->\n<title>&quot;Cultura Viva&quot; en Fabra i Coats - Circuit d\u2019Art Contemporani<\/title>\n<meta name=\"robots\" content=\"index, follow, max-snippet:-1, max-image-preview:large, max-video-preview:-1\" \/>\n<link rel=\"canonical\" href=\"https:\/\/www.artbarcelona.es\/circuit\/es\/cultura-viva-en-fabra-i-coats\/\" \/>\n<meta property=\"og:locale\" content=\"es_ES\" \/>\n<meta property=\"og:type\" content=\"article\" \/>\n<meta property=\"og:title\" content=\"&quot;Cultura Viva&quot; en Fabra i Coats - Circuit d\u2019Art Contemporani\" \/>\n<meta property=\"og:description\" content=\"Un encuentro de ra\u00edces locales y perspectiva internacional que indaga, a partir de experiencias concretas, en la relaci\u00f3n entre ciudadan\u00eda, instituciones y espacios comunes de la cultura desde los valores democr\u00e1ticos de la transparencia, la cr\u00edtica, la proximidad y la participaci\u00f3n. 1 y 2 de marzo Fabra i Coats &#8211; F\u00e1brica de Creaci\u00f3n Vivimos hoy [&hellip;]\" \/>\n<meta property=\"og:url\" content=\"https:\/\/www.artbarcelona.es\/circuit\/es\/cultura-viva-en-fabra-i-coats\/\" \/>\n<meta property=\"og:site_name\" content=\"Circuit d\u2019Art Contemporani\" \/>\n<meta property=\"article:published_time\" content=\"2016-02-29T12:34:35+00:00\" \/>\n<meta property=\"og:image\" content=\"https:\/\/www.artbarcelona.es\/circuit\/wp-content\/uploads\/sites\/8\/2016\/02\/cultura-viva.jpg\" \/>\n\t<meta property=\"og:image:width\" content=\"1147\" \/>\n\t<meta property=\"og:image:height\" content=\"471\" \/>\n\t<meta property=\"og:image:type\" content=\"image\/jpeg\" \/>\n<meta name=\"author\" content=\"artbcn\" \/>\n<meta name=\"twitter:card\" content=\"summary_large_image\" \/>\n<meta name=\"twitter:label1\" content=\"Escrito por\" \/>\n\t<meta name=\"twitter:data1\" content=\"artbcn\" \/>\n\t<meta name=\"twitter:label2\" content=\"Tiempo de lectura\" \/>\n\t<meta name=\"twitter:data2\" content=\"2 minutos\" \/>\n<script type=\"application\/ld+json\" class=\"yoast-schema-graph\">{\"@context\":\"https:\/\/schema.org\",\"@graph\":[{\"@type\":\"Article\",\"@id\":\"https:\/\/www.artbarcelona.es\/circuit\/es\/cultura-viva-en-fabra-i-coats\/#article\",\"isPartOf\":{\"@id\":\"https:\/\/www.artbarcelona.es\/circuit\/es\/cultura-viva-en-fabra-i-coats\/\"},\"author\":{\"name\":\"artbcn\",\"@id\":\"https:\/\/www.artbarcelona.es\/circuit\/en\/#\/schema\/person\/c379f777c7a53ecc191a63a3e51b2bad\"},\"headline\":\"\u00abCultura Viva\u00bb en Fabra i Coats\",\"datePublished\":\"2016-02-29T12:34:35+00:00\",\"mainEntityOfPage\":{\"@id\":\"https:\/\/www.artbarcelona.es\/circuit\/es\/cultura-viva-en-fabra-i-coats\/\"},\"wordCount\":475,\"commentCount\":0,\"image\":{\"@id\":\"https:\/\/www.artbarcelona.es\/circuit\/es\/cultura-viva-en-fabra-i-coats\/#primaryimage\"},\"thumbnailUrl\":\"https:\/\/www.artbarcelona.es\/circuit\/wp-content\/uploads\/sites\/8\/2016\/02\/cultura-viva.jpg\",\"articleSection\":[\"General @es\"],\"inLanguage\":\"es\",\"potentialAction\":[{\"@type\":\"CommentAction\",\"name\":\"Comment\",\"target\":[\"https:\/\/www.artbarcelona.es\/circuit\/es\/cultura-viva-en-fabra-i-coats\/#respond\"]}]},{\"@type\":\"WebPage\",\"@id\":\"https:\/\/www.artbarcelona.es\/circuit\/es\/cultura-viva-en-fabra-i-coats\/\",\"url\":\"https:\/\/www.artbarcelona.es\/circuit\/es\/cultura-viva-en-fabra-i-coats\/\",\"name\":\"\\\"Cultura Viva\\\" en Fabra i Coats - Circuit d\u2019Art Contemporani\",\"isPartOf\":{\"@id\":\"https:\/\/www.artbarcelona.es\/circuit\/en\/#website\"},\"primaryImageOfPage\":{\"@id\":\"https:\/\/www.artbarcelona.es\/circuit\/es\/cultura-viva-en-fabra-i-coats\/#primaryimage\"},\"image\":{\"@id\":\"https:\/\/www.artbarcelona.es\/circuit\/es\/cultura-viva-en-fabra-i-coats\/#primaryimage\"},\"thumbnailUrl\":\"https:\/\/www.artbarcelona.es\/circuit\/wp-content\/uploads\/sites\/8\/2016\/02\/cultura-viva.jpg\",\"datePublished\":\"2016-02-29T12:34:35+00:00\",\"author\":{\"@id\":\"https:\/\/www.artbarcelona.es\/circuit\/en\/#\/schema\/person\/c379f777c7a53ecc191a63a3e51b2bad\"},\"breadcrumb\":{\"@id\":\"https:\/\/www.artbarcelona.es\/circuit\/es\/cultura-viva-en-fabra-i-coats\/#breadcrumb\"},\"inLanguage\":\"es\",\"potentialAction\":[{\"@type\":\"ReadAction\",\"target\":[\"https:\/\/www.artbarcelona.es\/circuit\/es\/cultura-viva-en-fabra-i-coats\/\"]}]},{\"@type\":\"ImageObject\",\"inLanguage\":\"es\",\"@id\":\"https:\/\/www.artbarcelona.es\/circuit\/es\/cultura-viva-en-fabra-i-coats\/#primaryimage\",\"url\":\"https:\/\/www.artbarcelona.es\/circuit\/wp-content\/uploads\/sites\/8\/2016\/02\/cultura-viva.jpg\",\"contentUrl\":\"https:\/\/www.artbarcelona.es\/circuit\/wp-content\/uploads\/sites\/8\/2016\/02\/cultura-viva.jpg\",\"width\":1147,\"height\":471},{\"@type\":\"BreadcrumbList\",\"@id\":\"https:\/\/www.artbarcelona.es\/circuit\/es\/cultura-viva-en-fabra-i-coats\/#breadcrumb\",\"itemListElement\":[{\"@type\":\"ListItem\",\"position\":1,\"name\":\"Inici\",\"item\":\"https:\/\/www.artbarcelona.es\/circuit\/es\/\"},{\"@type\":\"ListItem\",\"position\":2,\"name\":\"\u00abCultura Viva\u00bb en Fabra i Coats\"}]},{\"@type\":\"WebSite\",\"@id\":\"https:\/\/www.artbarcelona.es\/circuit\/en\/#website\",\"url\":\"https:\/\/www.artbarcelona.es\/circuit\/en\/\",\"name\":\"Circuit d\u2019Art Contemporani\",\"description\":\"Altre lloc gestionat amb el WordPress\",\"potentialAction\":[{\"@type\":\"SearchAction\",\"target\":{\"@type\":\"EntryPoint\",\"urlTemplate\":\"https:\/\/www.artbarcelona.es\/circuit\/en\/?s={search_term_string}\"},\"query-input\":{\"@type\":\"PropertyValueSpecification\",\"valueRequired\":true,\"valueName\":\"search_term_string\"}}],\"inLanguage\":\"es\"},{\"@type\":\"Person\",\"@id\":\"https:\/\/www.artbarcelona.es\/circuit\/en\/#\/schema\/person\/c379f777c7a53ecc191a63a3e51b2bad\",\"name\":\"artbcn\",\"image\":{\"@type\":\"ImageObject\",\"inLanguage\":\"es\",\"@id\":\"https:\/\/www.artbarcelona.es\/circuit\/en\/#\/schema\/person\/image\/\",\"url\":\"https:\/\/secure.gravatar.com\/avatar\/4ddf659beed766a1822ba183801467f90daf7575c74b5566b29c3afe4deef47f?s=96&d=mm&r=g\",\"contentUrl\":\"https:\/\/secure.gravatar.com\/avatar\/4ddf659beed766a1822ba183801467f90daf7575c74b5566b29c3afe4deef47f?s=96&d=mm&r=g\",\"caption\":\"artbcn\"},\"url\":\"https:\/\/www.artbarcelona.es\/circuit\/es\/author\/artbcn\/\"}]}<\/script>\n<!-- \/ Yoast SEO plugin. -->","yoast_head_json":{"title":"\"Cultura Viva\" en Fabra i Coats - Circuit d\u2019Art Contemporani","robots":{"index":"index","follow":"follow","max-snippet":"max-snippet:-1","max-image-preview":"max-image-preview:large","max-video-preview":"max-video-preview:-1"},"canonical":"https:\/\/www.artbarcelona.es\/circuit\/es\/cultura-viva-en-fabra-i-coats\/","og_locale":"es_ES","og_type":"article","og_title":"\"Cultura Viva\" en Fabra i Coats - Circuit d\u2019Art Contemporani","og_description":"Un encuentro de ra\u00edces locales y perspectiva internacional que indaga, a partir de experiencias concretas, en la relaci\u00f3n entre ciudadan\u00eda, instituciones y espacios comunes de la cultura desde los valores democr\u00e1ticos de la transparencia, la cr\u00edtica, la proximidad y la participaci\u00f3n. 1 y 2 de marzo Fabra i Coats &#8211; F\u00e1brica de Creaci\u00f3n Vivimos hoy [&hellip;]","og_url":"https:\/\/www.artbarcelona.es\/circuit\/es\/cultura-viva-en-fabra-i-coats\/","og_site_name":"Circuit d\u2019Art Contemporani","article_published_time":"2016-02-29T12:34:35+00:00","og_image":[{"width":1147,"height":471,"url":"https:\/\/www.artbarcelona.es\/circuit\/wp-content\/uploads\/sites\/8\/2016\/02\/cultura-viva.jpg","type":"image\/jpeg"}],"author":"artbcn","twitter_card":"summary_large_image","twitter_misc":{"Escrito por":"artbcn","Tiempo de lectura":"2 minutos"},"schema":{"@context":"https:\/\/schema.org","@graph":[{"@type":"Article","@id":"https:\/\/www.artbarcelona.es\/circuit\/es\/cultura-viva-en-fabra-i-coats\/#article","isPartOf":{"@id":"https:\/\/www.artbarcelona.es\/circuit\/es\/cultura-viva-en-fabra-i-coats\/"},"author":{"name":"artbcn","@id":"https:\/\/www.artbarcelona.es\/circuit\/en\/#\/schema\/person\/c379f777c7a53ecc191a63a3e51b2bad"},"headline":"\u00abCultura Viva\u00bb en Fabra i Coats","datePublished":"2016-02-29T12:34:35+00:00","mainEntityOfPage":{"@id":"https:\/\/www.artbarcelona.es\/circuit\/es\/cultura-viva-en-fabra-i-coats\/"},"wordCount":475,"commentCount":0,"image":{"@id":"https:\/\/www.artbarcelona.es\/circuit\/es\/cultura-viva-en-fabra-i-coats\/#primaryimage"},"thumbnailUrl":"https:\/\/www.artbarcelona.es\/circuit\/wp-content\/uploads\/sites\/8\/2016\/02\/cultura-viva.jpg","articleSection":["General @es"],"inLanguage":"es","potentialAction":[{"@type":"CommentAction","name":"Comment","target":["https:\/\/www.artbarcelona.es\/circuit\/es\/cultura-viva-en-fabra-i-coats\/#respond"]}]},{"@type":"WebPage","@id":"https:\/\/www.artbarcelona.es\/circuit\/es\/cultura-viva-en-fabra-i-coats\/","url":"https:\/\/www.artbarcelona.es\/circuit\/es\/cultura-viva-en-fabra-i-coats\/","name":"\"Cultura Viva\" en Fabra i Coats - Circuit d\u2019Art Contemporani","isPartOf":{"@id":"https:\/\/www.artbarcelona.es\/circuit\/en\/#website"},"primaryImageOfPage":{"@id":"https:\/\/www.artbarcelona.es\/circuit\/es\/cultura-viva-en-fabra-i-coats\/#primaryimage"},"image":{"@id":"https:\/\/www.artbarcelona.es\/circuit\/es\/cultura-viva-en-fabra-i-coats\/#primaryimage"},"thumbnailUrl":"https:\/\/www.artbarcelona.es\/circuit\/wp-content\/uploads\/sites\/8\/2016\/02\/cultura-viva.jpg","datePublished":"2016-02-29T12:34:35+00:00","author":{"@id":"https:\/\/www.artbarcelona.es\/circuit\/en\/#\/schema\/person\/c379f777c7a53ecc191a63a3e51b2bad"},"breadcrumb":{"@id":"https:\/\/www.artbarcelona.es\/circuit\/es\/cultura-viva-en-fabra-i-coats\/#breadcrumb"},"inLanguage":"es","potentialAction":[{"@type":"ReadAction","target":["https:\/\/www.artbarcelona.es\/circuit\/es\/cultura-viva-en-fabra-i-coats\/"]}]},{"@type":"ImageObject","inLanguage":"es","@id":"https:\/\/www.artbarcelona.es\/circuit\/es\/cultura-viva-en-fabra-i-coats\/#primaryimage","url":"https:\/\/www.artbarcelona.es\/circuit\/wp-content\/uploads\/sites\/8\/2016\/02\/cultura-viva.jpg","contentUrl":"https:\/\/www.artbarcelona.es\/circuit\/wp-content\/uploads\/sites\/8\/2016\/02\/cultura-viva.jpg","width":1147,"height":471},{"@type":"BreadcrumbList","@id":"https:\/\/www.artbarcelona.es\/circuit\/es\/cultura-viva-en-fabra-i-coats\/#breadcrumb","itemListElement":[{"@type":"ListItem","position":1,"name":"Inici","item":"https:\/\/www.artbarcelona.es\/circuit\/es\/"},{"@type":"ListItem","position":2,"name":"\u00abCultura Viva\u00bb en Fabra i Coats"}]},{"@type":"WebSite","@id":"https:\/\/www.artbarcelona.es\/circuit\/en\/#website","url":"https:\/\/www.artbarcelona.es\/circuit\/en\/","name":"Circuit d\u2019Art Contemporani","description":"Altre lloc gestionat amb el WordPress","potentialAction":[{"@type":"SearchAction","target":{"@type":"EntryPoint","urlTemplate":"https:\/\/www.artbarcelona.es\/circuit\/en\/?s={search_term_string}"},"query-input":{"@type":"PropertyValueSpecification","valueRequired":true,"valueName":"search_term_string"}}],"inLanguage":"es"},{"@type":"Person","@id":"https:\/\/www.artbarcelona.es\/circuit\/en\/#\/schema\/person\/c379f777c7a53ecc191a63a3e51b2bad","name":"artbcn","image":{"@type":"ImageObject","inLanguage":"es","@id":"https:\/\/www.artbarcelona.es\/circuit\/en\/#\/schema\/person\/image\/","url":"https:\/\/secure.gravatar.com\/avatar\/4ddf659beed766a1822ba183801467f90daf7575c74b5566b29c3afe4deef47f?s=96&d=mm&r=g","contentUrl":"https:\/\/secure.gravatar.com\/avatar\/4ddf659beed766a1822ba183801467f90daf7575c74b5566b29c3afe4deef47f?s=96&d=mm&r=g","caption":"artbcn"},"url":"https:\/\/www.artbarcelona.es\/circuit\/es\/author\/artbcn\/"}]}},"acf":[],"_links":{"self":[{"href":"https:\/\/www.artbarcelona.es\/circuit\/es\/wp-json\/wp\/v2\/posts\/3676","targetHints":{"allow":["GET"]}}],"collection":[{"href":"https:\/\/www.artbarcelona.es\/circuit\/es\/wp-json\/wp\/v2\/posts"}],"about":[{"href":"https:\/\/www.artbarcelona.es\/circuit\/es\/wp-json\/wp\/v2\/types\/post"}],"author":[{"embeddable":true,"href":"https:\/\/www.artbarcelona.es\/circuit\/es\/wp-json\/wp\/v2\/users\/1"}],"replies":[{"embeddable":true,"href":"https:\/\/www.artbarcelona.es\/circuit\/es\/wp-json\/wp\/v2\/comments?post=3676"}],"version-history":[{"count":1,"href":"https:\/\/www.artbarcelona.es\/circuit\/es\/wp-json\/wp\/v2\/posts\/3676\/revisions"}],"predecessor-version":[{"id":3677,"href":"https:\/\/www.artbarcelona.es\/circuit\/es\/wp-json\/wp\/v2\/posts\/3676\/revisions\/3677"}],"wp:featuredmedia":[{"embeddable":true,"href":"https:\/\/www.artbarcelona.es\/circuit\/es\/wp-json\/wp\/v2\/media\/3674"}],"wp:attachment":[{"href":"https:\/\/www.artbarcelona.es\/circuit\/es\/wp-json\/wp\/v2\/media?parent=3676"}],"wp:term":[{"taxonomy":"category","embeddable":true,"href":"https:\/\/www.artbarcelona.es\/circuit\/es\/wp-json\/wp\/v2\/categories?post=3676"},{"taxonomy":"post_tag","embeddable":true,"href":"https:\/\/www.artbarcelona.es\/circuit\/es\/wp-json\/wp\/v2\/tags?post=3676"}],"curies":[{"name":"wp","href":"https:\/\/api.w.org\/{rel}","templated":true}]}}