{"id":4051,"date":"2016-05-09T12:43:38","date_gmt":"2016-05-09T11:43:38","guid":{"rendered":"http:\/\/www.artbarcelona.es\/circuit\/?p=4051"},"modified":"2016-05-20T12:35:28","modified_gmt":"2016-05-20T11:35:28","slug":"la-noche-de-los-museos","status":"publish","type":"post","link":"https:\/\/www.artbarcelona.es\/circuit\/es\/la-noche-de-los-museos\/","title":{"rendered":"La noche de los museos"},"content":{"rendered":"<p>Este 21 de mayo, m\u00e1s de 4.000 museos, de m\u00e1s de 40 pa\u00edses, abrir\u00e1n sus puertas para celebrar la <a href=\"http:\/\/lameva.barcelona.cat\/lanitdelsmuseus\/es\/\" target=\"_blank\">Noche de los Museos<\/a>. Un d\u00eda\u00a0muy especial para los ciudadanos y turistas en Barcelona, en el que\u00a0podr\u00e1n visitar los centros de arte en un horario poco habitual.<\/p>\n<p>La Noche de los Museos es una iniciativa del Consejo de Europa, que surge como un complemento festivo a la celebraci\u00f3n cada 18 de mayo del D\u00eda Internacional de los Museos.\u00a0Con esta fecha, la comunidad muse\u00edstica mundial quiere generar conciencia sobre el papel que juegan los museos en el \u00e1mbito cultural a nivel local e internacional.<\/p>\n<p>A las 19 h del s\u00e1bado 21 de mayo, los museos no cierran sus puertas. Te las abren gratuitamente y te invitan a conocer sus colecciones de otra manera: \u00a1de noche!\u00a0Y pasar\u00e1n cosas. Porque, adem\u00e1s de visitar las exposiciones bajo otra luz, podr\u00e1s disfrutar de conciertos, performances, visitas guiadas, espect\u00e1culos, talleres y actividades para toda la familia.<\/p>\n<p>Como todos los a\u00f1os,<strong> los espacios del Circuito de Arte contempor\u00e1neo se suman a la celebraci\u00f3n <\/strong>con un completo programa de eventos, pensados para todos los p\u00fablicos. Centros como la Fundaci\u00f3 Joan Mir\u00f3, el MACBA, la Fundaci\u00f3n Foto Colectania o la Fundaci\u00f3 Antoni T\u00e0pies contar\u00e1n con actividades pensadas espec\u00edficamente para el p\u00fablico familiar, buscando la fidelizaci\u00f3n a largo plazo de los m\u00e1s peque\u00f1os.<\/p>\n<p><strong>\u00a1Ven y d\u00e9jate sorprender!<\/strong><\/p>\n<p>Para m\u00e1s informaci\u00f3n <a href=\"http:\/\/lameva.barcelona.cat\/lanitdelsmuseus\/es\/\">aqu\u00ed<\/a><\/p>\n<p>&nbsp;<\/p>\n","protected":false},"excerpt":{"rendered":"<p>Este 21 de mayo, m\u00e1s de 4.000 museos, de m\u00e1s de 40 pa\u00edses, abrir\u00e1n sus puertas para celebrar la Noche de los Museos. Un d\u00eda\u00a0muy especial para los ciudadanos y turistas en Barcelona, en el que\u00a0podr\u00e1n visitar los centros de arte en un horario poco habitual. La Noche de los Museos es una iniciativa del [&hellip;]<\/p>\n","protected":false},"author":1,"featured_media":4044,"comment_status":"open","ping_status":"open","sticky":false,"template":"","format":"standard","meta":{"_acf_changed":false,"footnotes":""},"categories":[3],"tags":[],"class_list":["post-4051","post","type-post","status-publish","format-standard","has-post-thumbnail","hentry","category-general-es"],"yoast_head":"<!-- This site is optimized with the Yoast SEO plugin v27.0 - https:\/\/yoast.com\/product\/yoast-seo-wordpress\/ -->\n<title>La noche de los museos - Circuit d\u2019Art Contemporani<\/title>\n<meta name=\"robots\" content=\"index, follow, max-snippet:-1, max-image-preview:large, max-video-preview:-1\" \/>\n<link rel=\"canonical\" href=\"https:\/\/www.artbarcelona.es\/circuit\/es\/la-noche-de-los-museos\/\" \/>\n<meta property=\"og:locale\" content=\"es_ES\" \/>\n<meta property=\"og:type\" content=\"article\" \/>\n<meta property=\"og:title\" content=\"La noche de los museos - Circuit d\u2019Art Contemporani\" \/>\n<meta property=\"og:description\" content=\"Este 21 de mayo, m\u00e1s de 4.000 museos, de m\u00e1s de 40 pa\u00edses, abrir\u00e1n sus puertas para celebrar la Noche de los Museos. Un d\u00eda\u00a0muy especial para los ciudadanos y turistas en Barcelona, en el que\u00a0podr\u00e1n visitar los centros de arte en un horario poco habitual. La Noche de los Museos es una iniciativa del [&hellip;]\" \/>\n<meta property=\"og:url\" content=\"https:\/\/www.artbarcelona.es\/circuit\/es\/la-noche-de-los-museos\/\" \/>\n<meta property=\"og:site_name\" content=\"Circuit d\u2019Art Contemporani\" \/>\n<meta property=\"article:published_time\" content=\"2016-05-09T11:43:38+00:00\" \/>\n<meta property=\"article:modified_time\" content=\"2016-05-20T11:35:28+00:00\" \/>\n<meta property=\"og:image\" content=\"https:\/\/www.artbarcelona.es\/circuit\/wp-content\/uploads\/sites\/8\/2016\/05\/Nit-Dels-Museus.jpg\" \/>\n\t<meta property=\"og:image:width\" content=\"1085\" \/>\n\t<meta property=\"og:image:height\" content=\"523\" \/>\n\t<meta property=\"og:image:type\" content=\"image\/jpeg\" \/>\n<meta name=\"author\" content=\"artbcn\" \/>\n<meta name=\"twitter:card\" content=\"summary_large_image\" \/>\n<meta name=\"twitter:label1\" content=\"Escrito por\" \/>\n\t<meta name=\"twitter:data1\" content=\"artbcn\" \/>\n\t<meta name=\"twitter:label2\" content=\"Tiempo de lectura\" \/>\n\t<meta name=\"twitter:data2\" content=\"1 minuto\" \/>\n<script type=\"application\/ld+json\" class=\"yoast-schema-graph\">{\"@context\":\"https:\/\/schema.org\",\"@graph\":[{\"@type\":\"Article\",\"@id\":\"https:\/\/www.artbarcelona.es\/circuit\/es\/la-noche-de-los-museos\/#article\",\"isPartOf\":{\"@id\":\"https:\/\/www.artbarcelona.es\/circuit\/es\/la-noche-de-los-museos\/\"},\"author\":{\"name\":\"artbcn\",\"@id\":\"https:\/\/www.artbarcelona.es\/circuit\/en\/#\/schema\/person\/c379f777c7a53ecc191a63a3e51b2bad\"},\"headline\":\"La noche de los museos\",\"datePublished\":\"2016-05-09T11:43:38+00:00\",\"dateModified\":\"2016-05-20T11:35:28+00:00\",\"mainEntityOfPage\":{\"@id\":\"https:\/\/www.artbarcelona.es\/circuit\/es\/la-noche-de-los-museos\/\"},\"wordCount\":263,\"commentCount\":0,\"image\":{\"@id\":\"https:\/\/www.artbarcelona.es\/circuit\/es\/la-noche-de-los-museos\/#primaryimage\"},\"thumbnailUrl\":\"https:\/\/www.artbarcelona.es\/circuit\/wp-content\/uploads\/sites\/8\/2016\/05\/Nit-Dels-Museus.jpg\",\"articleSection\":[\"General @es\"],\"inLanguage\":\"es\",\"potentialAction\":[{\"@type\":\"CommentAction\",\"name\":\"Comment\",\"target\":[\"https:\/\/www.artbarcelona.es\/circuit\/es\/la-noche-de-los-museos\/#respond\"]}]},{\"@type\":\"WebPage\",\"@id\":\"https:\/\/www.artbarcelona.es\/circuit\/es\/la-noche-de-los-museos\/\",\"url\":\"https:\/\/www.artbarcelona.es\/circuit\/es\/la-noche-de-los-museos\/\",\"name\":\"La noche de los museos - Circuit d\u2019Art Contemporani\",\"isPartOf\":{\"@id\":\"https:\/\/www.artbarcelona.es\/circuit\/en\/#website\"},\"primaryImageOfPage\":{\"@id\":\"https:\/\/www.artbarcelona.es\/circuit\/es\/la-noche-de-los-museos\/#primaryimage\"},\"image\":{\"@id\":\"https:\/\/www.artbarcelona.es\/circuit\/es\/la-noche-de-los-museos\/#primaryimage\"},\"thumbnailUrl\":\"https:\/\/www.artbarcelona.es\/circuit\/wp-content\/uploads\/sites\/8\/2016\/05\/Nit-Dels-Museus.jpg\",\"datePublished\":\"2016-05-09T11:43:38+00:00\",\"dateModified\":\"2016-05-20T11:35:28+00:00\",\"author\":{\"@id\":\"https:\/\/www.artbarcelona.es\/circuit\/en\/#\/schema\/person\/c379f777c7a53ecc191a63a3e51b2bad\"},\"breadcrumb\":{\"@id\":\"https:\/\/www.artbarcelona.es\/circuit\/es\/la-noche-de-los-museos\/#breadcrumb\"},\"inLanguage\":\"es\",\"potentialAction\":[{\"@type\":\"ReadAction\",\"target\":[\"https:\/\/www.artbarcelona.es\/circuit\/es\/la-noche-de-los-museos\/\"]}]},{\"@type\":\"ImageObject\",\"inLanguage\":\"es\",\"@id\":\"https:\/\/www.artbarcelona.es\/circuit\/es\/la-noche-de-los-museos\/#primaryimage\",\"url\":\"https:\/\/www.artbarcelona.es\/circuit\/wp-content\/uploads\/sites\/8\/2016\/05\/Nit-Dels-Museus.jpg\",\"contentUrl\":\"https:\/\/www.artbarcelona.es\/circuit\/wp-content\/uploads\/sites\/8\/2016\/05\/Nit-Dels-Museus.jpg\",\"width\":1085,\"height\":523},{\"@type\":\"BreadcrumbList\",\"@id\":\"https:\/\/www.artbarcelona.es\/circuit\/es\/la-noche-de-los-museos\/#breadcrumb\",\"itemListElement\":[{\"@type\":\"ListItem\",\"position\":1,\"name\":\"Inici\",\"item\":\"https:\/\/www.artbarcelona.es\/circuit\/es\/\"},{\"@type\":\"ListItem\",\"position\":2,\"name\":\"La noche de los museos\"}]},{\"@type\":\"WebSite\",\"@id\":\"https:\/\/www.artbarcelona.es\/circuit\/en\/#website\",\"url\":\"https:\/\/www.artbarcelona.es\/circuit\/en\/\",\"name\":\"Circuit d\u2019Art Contemporani\",\"description\":\"Altre lloc gestionat amb el WordPress\",\"potentialAction\":[{\"@type\":\"SearchAction\",\"target\":{\"@type\":\"EntryPoint\",\"urlTemplate\":\"https:\/\/www.artbarcelona.es\/circuit\/en\/?s={search_term_string}\"},\"query-input\":{\"@type\":\"PropertyValueSpecification\",\"valueRequired\":true,\"valueName\":\"search_term_string\"}}],\"inLanguage\":\"es\"},{\"@type\":\"Person\",\"@id\":\"https:\/\/www.artbarcelona.es\/circuit\/en\/#\/schema\/person\/c379f777c7a53ecc191a63a3e51b2bad\",\"name\":\"artbcn\",\"image\":{\"@type\":\"ImageObject\",\"inLanguage\":\"es\",\"@id\":\"https:\/\/www.artbarcelona.es\/circuit\/en\/#\/schema\/person\/image\/\",\"url\":\"https:\/\/secure.gravatar.com\/avatar\/4ddf659beed766a1822ba183801467f90daf7575c74b5566b29c3afe4deef47f?s=96&d=mm&r=g\",\"contentUrl\":\"https:\/\/secure.gravatar.com\/avatar\/4ddf659beed766a1822ba183801467f90daf7575c74b5566b29c3afe4deef47f?s=96&d=mm&r=g\",\"caption\":\"artbcn\"},\"url\":\"https:\/\/www.artbarcelona.es\/circuit\/es\/author\/artbcn\/\"}]}<\/script>\n<!-- \/ Yoast SEO plugin. -->","yoast_head_json":{"title":"La noche de los museos - Circuit d\u2019Art Contemporani","robots":{"index":"index","follow":"follow","max-snippet":"max-snippet:-1","max-image-preview":"max-image-preview:large","max-video-preview":"max-video-preview:-1"},"canonical":"https:\/\/www.artbarcelona.es\/circuit\/es\/la-noche-de-los-museos\/","og_locale":"es_ES","og_type":"article","og_title":"La noche de los museos - Circuit d\u2019Art Contemporani","og_description":"Este 21 de mayo, m\u00e1s de 4.000 museos, de m\u00e1s de 40 pa\u00edses, abrir\u00e1n sus puertas para celebrar la Noche de los Museos. Un d\u00eda\u00a0muy especial para los ciudadanos y turistas en Barcelona, en el que\u00a0podr\u00e1n visitar los centros de arte en un horario poco habitual. La Noche de los Museos es una iniciativa del [&hellip;]","og_url":"https:\/\/www.artbarcelona.es\/circuit\/es\/la-noche-de-los-museos\/","og_site_name":"Circuit d\u2019Art Contemporani","article_published_time":"2016-05-09T11:43:38+00:00","article_modified_time":"2016-05-20T11:35:28+00:00","og_image":[{"width":1085,"height":523,"url":"https:\/\/www.artbarcelona.es\/circuit\/wp-content\/uploads\/sites\/8\/2016\/05\/Nit-Dels-Museus.jpg","type":"image\/jpeg"}],"author":"artbcn","twitter_card":"summary_large_image","twitter_misc":{"Escrito por":"artbcn","Tiempo de lectura":"1 minuto"},"schema":{"@context":"https:\/\/schema.org","@graph":[{"@type":"Article","@id":"https:\/\/www.artbarcelona.es\/circuit\/es\/la-noche-de-los-museos\/#article","isPartOf":{"@id":"https:\/\/www.artbarcelona.es\/circuit\/es\/la-noche-de-los-museos\/"},"author":{"name":"artbcn","@id":"https:\/\/www.artbarcelona.es\/circuit\/en\/#\/schema\/person\/c379f777c7a53ecc191a63a3e51b2bad"},"headline":"La noche de los museos","datePublished":"2016-05-09T11:43:38+00:00","dateModified":"2016-05-20T11:35:28+00:00","mainEntityOfPage":{"@id":"https:\/\/www.artbarcelona.es\/circuit\/es\/la-noche-de-los-museos\/"},"wordCount":263,"commentCount":0,"image":{"@id":"https:\/\/www.artbarcelona.es\/circuit\/es\/la-noche-de-los-museos\/#primaryimage"},"thumbnailUrl":"https:\/\/www.artbarcelona.es\/circuit\/wp-content\/uploads\/sites\/8\/2016\/05\/Nit-Dels-Museus.jpg","articleSection":["General @es"],"inLanguage":"es","potentialAction":[{"@type":"CommentAction","name":"Comment","target":["https:\/\/www.artbarcelona.es\/circuit\/es\/la-noche-de-los-museos\/#respond"]}]},{"@type":"WebPage","@id":"https:\/\/www.artbarcelona.es\/circuit\/es\/la-noche-de-los-museos\/","url":"https:\/\/www.artbarcelona.es\/circuit\/es\/la-noche-de-los-museos\/","name":"La noche de los museos - Circuit d\u2019Art Contemporani","isPartOf":{"@id":"https:\/\/www.artbarcelona.es\/circuit\/en\/#website"},"primaryImageOfPage":{"@id":"https:\/\/www.artbarcelona.es\/circuit\/es\/la-noche-de-los-museos\/#primaryimage"},"image":{"@id":"https:\/\/www.artbarcelona.es\/circuit\/es\/la-noche-de-los-museos\/#primaryimage"},"thumbnailUrl":"https:\/\/www.artbarcelona.es\/circuit\/wp-content\/uploads\/sites\/8\/2016\/05\/Nit-Dels-Museus.jpg","datePublished":"2016-05-09T11:43:38+00:00","dateModified":"2016-05-20T11:35:28+00:00","author":{"@id":"https:\/\/www.artbarcelona.es\/circuit\/en\/#\/schema\/person\/c379f777c7a53ecc191a63a3e51b2bad"},"breadcrumb":{"@id":"https:\/\/www.artbarcelona.es\/circuit\/es\/la-noche-de-los-museos\/#breadcrumb"},"inLanguage":"es","potentialAction":[{"@type":"ReadAction","target":["https:\/\/www.artbarcelona.es\/circuit\/es\/la-noche-de-los-museos\/"]}]},{"@type":"ImageObject","inLanguage":"es","@id":"https:\/\/www.artbarcelona.es\/circuit\/es\/la-noche-de-los-museos\/#primaryimage","url":"https:\/\/www.artbarcelona.es\/circuit\/wp-content\/uploads\/sites\/8\/2016\/05\/Nit-Dels-Museus.jpg","contentUrl":"https:\/\/www.artbarcelona.es\/circuit\/wp-content\/uploads\/sites\/8\/2016\/05\/Nit-Dels-Museus.jpg","width":1085,"height":523},{"@type":"BreadcrumbList","@id":"https:\/\/www.artbarcelona.es\/circuit\/es\/la-noche-de-los-museos\/#breadcrumb","itemListElement":[{"@type":"ListItem","position":1,"name":"Inici","item":"https:\/\/www.artbarcelona.es\/circuit\/es\/"},{"@type":"ListItem","position":2,"name":"La noche de los museos"}]},{"@type":"WebSite","@id":"https:\/\/www.artbarcelona.es\/circuit\/en\/#website","url":"https:\/\/www.artbarcelona.es\/circuit\/en\/","name":"Circuit d\u2019Art Contemporani","description":"Altre lloc gestionat amb el WordPress","potentialAction":[{"@type":"SearchAction","target":{"@type":"EntryPoint","urlTemplate":"https:\/\/www.artbarcelona.es\/circuit\/en\/?s={search_term_string}"},"query-input":{"@type":"PropertyValueSpecification","valueRequired":true,"valueName":"search_term_string"}}],"inLanguage":"es"},{"@type":"Person","@id":"https:\/\/www.artbarcelona.es\/circuit\/en\/#\/schema\/person\/c379f777c7a53ecc191a63a3e51b2bad","name":"artbcn","image":{"@type":"ImageObject","inLanguage":"es","@id":"https:\/\/www.artbarcelona.es\/circuit\/en\/#\/schema\/person\/image\/","url":"https:\/\/secure.gravatar.com\/avatar\/4ddf659beed766a1822ba183801467f90daf7575c74b5566b29c3afe4deef47f?s=96&d=mm&r=g","contentUrl":"https:\/\/secure.gravatar.com\/avatar\/4ddf659beed766a1822ba183801467f90daf7575c74b5566b29c3afe4deef47f?s=96&d=mm&r=g","caption":"artbcn"},"url":"https:\/\/www.artbarcelona.es\/circuit\/es\/author\/artbcn\/"}]}},"acf":[],"_links":{"self":[{"href":"https:\/\/www.artbarcelona.es\/circuit\/es\/wp-json\/wp\/v2\/posts\/4051","targetHints":{"allow":["GET"]}}],"collection":[{"href":"https:\/\/www.artbarcelona.es\/circuit\/es\/wp-json\/wp\/v2\/posts"}],"about":[{"href":"https:\/\/www.artbarcelona.es\/circuit\/es\/wp-json\/wp\/v2\/types\/post"}],"author":[{"embeddable":true,"href":"https:\/\/www.artbarcelona.es\/circuit\/es\/wp-json\/wp\/v2\/users\/1"}],"replies":[{"embeddable":true,"href":"https:\/\/www.artbarcelona.es\/circuit\/es\/wp-json\/wp\/v2\/comments?post=4051"}],"version-history":[{"count":6,"href":"https:\/\/www.artbarcelona.es\/circuit\/es\/wp-json\/wp\/v2\/posts\/4051\/revisions"}],"predecessor-version":[{"id":4075,"href":"https:\/\/www.artbarcelona.es\/circuit\/es\/wp-json\/wp\/v2\/posts\/4051\/revisions\/4075"}],"wp:featuredmedia":[{"embeddable":true,"href":"https:\/\/www.artbarcelona.es\/circuit\/es\/wp-json\/wp\/v2\/media\/4044"}],"wp:attachment":[{"href":"https:\/\/www.artbarcelona.es\/circuit\/es\/wp-json\/wp\/v2\/media?parent=4051"}],"wp:term":[{"taxonomy":"category","embeddable":true,"href":"https:\/\/www.artbarcelona.es\/circuit\/es\/wp-json\/wp\/v2\/categories?post=4051"},{"taxonomy":"post_tag","embeddable":true,"href":"https:\/\/www.artbarcelona.es\/circuit\/es\/wp-json\/wp\/v2\/tags?post=4051"}],"curies":[{"name":"wp","href":"https:\/\/api.w.org\/{rel}","templated":true}]}}