{"id":2468,"date":"2015-05-27T10:04:12","date_gmt":"2015-05-27T09:04:12","guid":{"rendered":"http:\/\/www.artbarcelona.es\/circuit\/?p=2468"},"modified":"2015-05-27T10:04:12","modified_gmt":"2015-05-27T09:04:12","slug":"ets-public-lliurament-del-premi-internacional-a-la-innovacio-cultural-2014-2015","status":"publish","type":"post","link":"https:\/\/www.artbarcelona.es\/circuit\/ets-public-lliurament-del-premi-internacional-a-la-innovacio-cultural-2014-2015\/","title":{"rendered":"Ets p\u00fablic? Lliurament del Premi Internacional a la Innovaci\u00f3 Cultural 2014-2015"},"content":{"rendered":"<p>Els dies 9 i 10 de juny celebrem dues jornades d&#8217;activitats al voltant del Premi i del tema central de l&#8217;edici\u00f3 2014-2015: els nous p\u00fablics culturals i la seva relaci\u00f3 amb les institucions. Tallers, xerrades, projeccions, presentacions de projectes i una festa final conformen un programa que tindr\u00e0 com a punt \u00e0lgid l&#8217;anunci de la decisi\u00f3 del jurat i el lliurament del Premi al projecte guanyador.<\/p>\n<p>Amb la participaci\u00f3 de <i>Conxa Rod\u00e0<\/i> (<a href=\"http:\/\/www.museunacional.cat\/\">Museu Nacional d&#8217;Art de Catalunya, MNAC)<\/a>, <i>Marcos Garc\u00eda<\/i> (<a href=\"http:\/\/medialab-prado.es\/\">Medialab-Prad<\/a>o), <i>Nina Simon <\/i>(<a href=\"http:\/\/www.santacruzmah.org\/\">Santa Cruz Museum of Art &amp; History, MAH<\/a>), <i>Mark Miller<\/i> (<a href=\"http:\/\/www.tate.org.uk\/\">Tate<\/a>), <i>Johan Moerman<\/i>(<a href=\"http:\/\/www.rotterdamfestivals.nl\/public\">Rotterdam Festivals<\/a>), <i>Juan Insua<\/i> (<a href=\"http:\/\/blogs.cccb.org\/lab\/\">CCCBLab<\/a>), <i>Fito Conesa<\/i>,<i> Irene Lapuente<\/i> (<a href=\"http:\/\/www.lamandarinadenewton.com\/ca\/\">La Mandarina de Newton<\/a>) i <i><a href=\"http:\/\/www.wooky.cat\/\">Wooky<\/a> &amp; Videocratz<\/i>, entre d&#8217;altres.<\/p>\n<p><i>Totes les activitats s\u00f3n gratu\u00eftes i de lliure acc\u00e9s, excepte el taller, que \u00e9s gratu\u00eft amb inscripci\u00f3 pr\u00e8via.<\/i><\/p>\n<p><a href=\"http:\/\/www.innovationcccb.org\/taller\">TALLER\u00a0\u00abP\u00daBLICS EN ACCI\u00d3\u00bb<\/a><\/p>\n<p>9 &#8211; 10 JUNY<\/p>\n<p>Taller per desenvolupar m\u00e8todes de co-creaci\u00f3 de projectes culturals: disseny basat en l&#8217;usuari, din\u00e0miques de generaci\u00f3 d&#8217;idees i presa de decisions en com\u00fa, amb una orientaci\u00f3 que consideri la diversitat de possibilitats de la participaci\u00f3 i la necessitat de donar resposta a alguns dels conflictes que planteja la seva praxi.<\/p>\n<p><a href=\"http:\/\/www.innovationcccb.org\/dialegs\">DI\u00c0LEGS\u00a0AMB EL JURAT<\/a><\/p>\n<p id=\"aui_3_2_0_1498\" class=\"inscripcio\">10 JUNY<\/p>\n<p class=\"inscripcio\">Xerrades amb els membres del jurat d&#8217;aquesta edici\u00f3 que, acompanyats d&#8217;altres experts, dialogaran amb els assistents sobre aspectes clau vinculats a l&#8217;activaci\u00f3 dels p\u00fablics culturals. Amb Nina Simon, Conxa Rod\u00e0, Marcos Garc\u00eda, Fito Conesa i Mark Miller.<\/p>\n<p><a href=\"http:\/\/www.innovationcccb.org\/acte-lliurament\">ACTE DE LLIURAMENT<\/a><\/p>\n<p id=\"aui_3_2_0_1498\" class=\"inscripcio\">10 JUNY<\/p>\n<p class=\"inscripcio\">Anunci del projecte guanyador i lliurament del Premi 2014-2015. Una que inclour\u00e0 la projecci\u00f3 d&#8217;un nou cap\u00edtol de Soy c\u00e1mara, la presentaci\u00f3 dels projectes finalistes i una festa final amb Wooky &amp; Videocratz.<\/p>\n<p>&nbsp;<\/p>\n","protected":false},"excerpt":{"rendered":"<p>Els dies 9 i 10 de juny celebrem dues jornades d&#8217;activitats al voltant del Premi i del tema central de l&#8217;edici\u00f3 2014-2015: els nous p\u00fablics culturals i la seva relaci\u00f3 amb les institucions. Tallers, xerrades, projeccions, presentacions de projectes i una festa final conformen un programa que tindr\u00e0 com a punt \u00e0lgid l&#8217;anunci de la [&hellip;]<\/p>\n","protected":false},"author":1,"featured_media":2469,"comment_status":"open","ping_status":"open","sticky":false,"template":"","format":"standard","meta":{"_acf_changed":false,"footnotes":""},"categories":[1],"tags":[],"class_list":["post-2468","post","type-post","status-publish","format-standard","has-post-thumbnail","hentry","category-general"],"yoast_head":"<!-- This site is optimized with the Yoast SEO plugin v27.0 - https:\/\/yoast.com\/product\/yoast-seo-wordpress\/ -->\n<title>Ets p\u00fablic? Lliurament del Premi Internacional a la Innovaci\u00f3 Cultural 2014-2015 - Circuit d\u2019Art Contemporani<\/title>\n<meta name=\"robots\" content=\"index, follow, max-snippet:-1, max-image-preview:large, max-video-preview:-1\" \/>\n<link rel=\"canonical\" href=\"https:\/\/www.artbarcelona.es\/circuit\/ets-public-lliurament-del-premi-internacional-a-la-innovacio-cultural-2014-2015\/\" \/>\n<meta property=\"og:locale\" content=\"ca_ES\" \/>\n<meta property=\"og:type\" content=\"article\" \/>\n<meta property=\"og:title\" content=\"Ets p\u00fablic? Lliurament del Premi Internacional a la Innovaci\u00f3 Cultural 2014-2015 - Circuit d\u2019Art Contemporani\" \/>\n<meta property=\"og:description\" content=\"Els dies 9 i 10 de juny celebrem dues jornades d&#8217;activitats al voltant del Premi i del tema central de l&#8217;edici\u00f3 2014-2015: els nous p\u00fablics culturals i la seva relaci\u00f3 amb les institucions. Tallers, xerrades, projeccions, presentacions de projectes i una festa final conformen un programa que tindr\u00e0 com a punt \u00e0lgid l&#8217;anunci de la [&hellip;]\" \/>\n<meta property=\"og:url\" content=\"https:\/\/www.artbarcelona.es\/circuit\/ets-public-lliurament-del-premi-internacional-a-la-innovacio-cultural-2014-2015\/\" \/>\n<meta property=\"og:site_name\" content=\"Circuit d\u2019Art Contemporani\" \/>\n<meta property=\"article:published_time\" content=\"2015-05-27T09:04:12+00:00\" \/>\n<meta property=\"og:image\" content=\"https:\/\/www.artbarcelona.es\/circuit\/wp-content\/uploads\/sites\/8\/2015\/05\/premio-innovacion-cultural.jpg\" \/>\n\t<meta property=\"og:image:width\" content=\"550\" \/>\n\t<meta property=\"og:image:height\" content=\"377\" \/>\n\t<meta property=\"og:image:type\" content=\"image\/jpeg\" \/>\n<meta name=\"author\" content=\"artbcn\" \/>\n<meta name=\"twitter:card\" content=\"summary_large_image\" \/>\n<meta name=\"twitter:label1\" content=\"Escrit per\" \/>\n\t<meta name=\"twitter:data1\" content=\"artbcn\" \/>\n\t<meta name=\"twitter:label2\" content=\"Temps estimat de lectura\" \/>\n\t<meta name=\"twitter:data2\" content=\"1 minut\" \/>\n<script type=\"application\/ld+json\" class=\"yoast-schema-graph\">{\"@context\":\"https:\/\/schema.org\",\"@graph\":[{\"@type\":\"Article\",\"@id\":\"https:\/\/www.artbarcelona.es\/circuit\/ets-public-lliurament-del-premi-internacional-a-la-innovacio-cultural-2014-2015\/#article\",\"isPartOf\":{\"@id\":\"https:\/\/www.artbarcelona.es\/circuit\/ets-public-lliurament-del-premi-internacional-a-la-innovacio-cultural-2014-2015\/\"},\"author\":{\"name\":\"artbcn\",\"@id\":\"https:\/\/www.artbarcelona.es\/circuit\/en\/#\/schema\/person\/c379f777c7a53ecc191a63a3e51b2bad\"},\"headline\":\"Ets p\u00fablic? Lliurament del Premi Internacional a la Innovaci\u00f3 Cultural 2014-2015\",\"datePublished\":\"2015-05-27T09:04:12+00:00\",\"mainEntityOfPage\":{\"@id\":\"https:\/\/www.artbarcelona.es\/circuit\/ets-public-lliurament-del-premi-internacional-a-la-innovacio-cultural-2014-2015\/\"},\"wordCount\":294,\"commentCount\":0,\"image\":{\"@id\":\"https:\/\/www.artbarcelona.es\/circuit\/ets-public-lliurament-del-premi-internacional-a-la-innovacio-cultural-2014-2015\/#primaryimage\"},\"thumbnailUrl\":\"https:\/\/www.artbarcelona.es\/circuit\/wp-content\/uploads\/sites\/8\/2015\/05\/premio-innovacion-cultural.jpg\",\"articleSection\":[\"General\"],\"inLanguage\":\"ca\",\"potentialAction\":[{\"@type\":\"CommentAction\",\"name\":\"Comment\",\"target\":[\"https:\/\/www.artbarcelona.es\/circuit\/ets-public-lliurament-del-premi-internacional-a-la-innovacio-cultural-2014-2015\/#respond\"]}]},{\"@type\":\"WebPage\",\"@id\":\"https:\/\/www.artbarcelona.es\/circuit\/ets-public-lliurament-del-premi-internacional-a-la-innovacio-cultural-2014-2015\/\",\"url\":\"https:\/\/www.artbarcelona.es\/circuit\/ets-public-lliurament-del-premi-internacional-a-la-innovacio-cultural-2014-2015\/\",\"name\":\"Ets p\u00fablic? Lliurament del Premi Internacional a la Innovaci\u00f3 Cultural 2014-2015 - Circuit d\u2019Art Contemporani\",\"isPartOf\":{\"@id\":\"https:\/\/www.artbarcelona.es\/circuit\/en\/#website\"},\"primaryImageOfPage\":{\"@id\":\"https:\/\/www.artbarcelona.es\/circuit\/ets-public-lliurament-del-premi-internacional-a-la-innovacio-cultural-2014-2015\/#primaryimage\"},\"image\":{\"@id\":\"https:\/\/www.artbarcelona.es\/circuit\/ets-public-lliurament-del-premi-internacional-a-la-innovacio-cultural-2014-2015\/#primaryimage\"},\"thumbnailUrl\":\"https:\/\/www.artbarcelona.es\/circuit\/wp-content\/uploads\/sites\/8\/2015\/05\/premio-innovacion-cultural.jpg\",\"datePublished\":\"2015-05-27T09:04:12+00:00\",\"author\":{\"@id\":\"https:\/\/www.artbarcelona.es\/circuit\/en\/#\/schema\/person\/c379f777c7a53ecc191a63a3e51b2bad\"},\"breadcrumb\":{\"@id\":\"https:\/\/www.artbarcelona.es\/circuit\/ets-public-lliurament-del-premi-internacional-a-la-innovacio-cultural-2014-2015\/#breadcrumb\"},\"inLanguage\":\"ca\",\"potentialAction\":[{\"@type\":\"ReadAction\",\"target\":[\"https:\/\/www.artbarcelona.es\/circuit\/ets-public-lliurament-del-premi-internacional-a-la-innovacio-cultural-2014-2015\/\"]}]},{\"@type\":\"ImageObject\",\"inLanguage\":\"ca\",\"@id\":\"https:\/\/www.artbarcelona.es\/circuit\/ets-public-lliurament-del-premi-internacional-a-la-innovacio-cultural-2014-2015\/#primaryimage\",\"url\":\"https:\/\/www.artbarcelona.es\/circuit\/wp-content\/uploads\/sites\/8\/2015\/05\/premio-innovacion-cultural.jpg\",\"contentUrl\":\"https:\/\/www.artbarcelona.es\/circuit\/wp-content\/uploads\/sites\/8\/2015\/05\/premio-innovacion-cultural.jpg\",\"width\":550,\"height\":377},{\"@type\":\"BreadcrumbList\",\"@id\":\"https:\/\/www.artbarcelona.es\/circuit\/ets-public-lliurament-del-premi-internacional-a-la-innovacio-cultural-2014-2015\/#breadcrumb\",\"itemListElement\":[{\"@type\":\"ListItem\",\"position\":1,\"name\":\"Inici\",\"item\":\"https:\/\/www.artbarcelona.es\/circuit\/\"},{\"@type\":\"ListItem\",\"position\":2,\"name\":\"Ets p\u00fablic? Lliurament del Premi Internacional a la Innovaci\u00f3 Cultural 2014-2015\"}]},{\"@type\":\"WebSite\",\"@id\":\"https:\/\/www.artbarcelona.es\/circuit\/en\/#website\",\"url\":\"https:\/\/www.artbarcelona.es\/circuit\/en\/\",\"name\":\"Circuit d\u2019Art Contemporani\",\"description\":\"Altre lloc gestionat amb el WordPress\",\"potentialAction\":[{\"@type\":\"SearchAction\",\"target\":{\"@type\":\"EntryPoint\",\"urlTemplate\":\"https:\/\/www.artbarcelona.es\/circuit\/en\/?s={search_term_string}\"},\"query-input\":{\"@type\":\"PropertyValueSpecification\",\"valueRequired\":true,\"valueName\":\"search_term_string\"}}],\"inLanguage\":\"ca\"},{\"@type\":\"Person\",\"@id\":\"https:\/\/www.artbarcelona.es\/circuit\/en\/#\/schema\/person\/c379f777c7a53ecc191a63a3e51b2bad\",\"name\":\"artbcn\",\"image\":{\"@type\":\"ImageObject\",\"inLanguage\":\"ca\",\"@id\":\"https:\/\/www.artbarcelona.es\/circuit\/en\/#\/schema\/person\/image\/\",\"url\":\"https:\/\/secure.gravatar.com\/avatar\/4ddf659beed766a1822ba183801467f90daf7575c74b5566b29c3afe4deef47f?s=96&d=mm&r=g\",\"contentUrl\":\"https:\/\/secure.gravatar.com\/avatar\/4ddf659beed766a1822ba183801467f90daf7575c74b5566b29c3afe4deef47f?s=96&d=mm&r=g\",\"caption\":\"artbcn\"},\"url\":\"https:\/\/www.artbarcelona.es\/circuit\/author\/artbcn\/\"}]}<\/script>\n<!-- \/ Yoast SEO plugin. -->","yoast_head_json":{"title":"Ets p\u00fablic? Lliurament del Premi Internacional a la Innovaci\u00f3 Cultural 2014-2015 - Circuit d\u2019Art Contemporani","robots":{"index":"index","follow":"follow","max-snippet":"max-snippet:-1","max-image-preview":"max-image-preview:large","max-video-preview":"max-video-preview:-1"},"canonical":"https:\/\/www.artbarcelona.es\/circuit\/ets-public-lliurament-del-premi-internacional-a-la-innovacio-cultural-2014-2015\/","og_locale":"ca_ES","og_type":"article","og_title":"Ets p\u00fablic? Lliurament del Premi Internacional a la Innovaci\u00f3 Cultural 2014-2015 - Circuit d\u2019Art Contemporani","og_description":"Els dies 9 i 10 de juny celebrem dues jornades d&#8217;activitats al voltant del Premi i del tema central de l&#8217;edici\u00f3 2014-2015: els nous p\u00fablics culturals i la seva relaci\u00f3 amb les institucions. Tallers, xerrades, projeccions, presentacions de projectes i una festa final conformen un programa que tindr\u00e0 com a punt \u00e0lgid l&#8217;anunci de la [&hellip;]","og_url":"https:\/\/www.artbarcelona.es\/circuit\/ets-public-lliurament-del-premi-internacional-a-la-innovacio-cultural-2014-2015\/","og_site_name":"Circuit d\u2019Art Contemporani","article_published_time":"2015-05-27T09:04:12+00:00","og_image":[{"width":550,"height":377,"url":"https:\/\/www.artbarcelona.es\/circuit\/wp-content\/uploads\/sites\/8\/2015\/05\/premio-innovacion-cultural.jpg","type":"image\/jpeg"}],"author":"artbcn","twitter_card":"summary_large_image","twitter_misc":{"Escrit per":"artbcn","Temps estimat de lectura":"1 minut"},"schema":{"@context":"https:\/\/schema.org","@graph":[{"@type":"Article","@id":"https:\/\/www.artbarcelona.es\/circuit\/ets-public-lliurament-del-premi-internacional-a-la-innovacio-cultural-2014-2015\/#article","isPartOf":{"@id":"https:\/\/www.artbarcelona.es\/circuit\/ets-public-lliurament-del-premi-internacional-a-la-innovacio-cultural-2014-2015\/"},"author":{"name":"artbcn","@id":"https:\/\/www.artbarcelona.es\/circuit\/en\/#\/schema\/person\/c379f777c7a53ecc191a63a3e51b2bad"},"headline":"Ets p\u00fablic? Lliurament del Premi Internacional a la Innovaci\u00f3 Cultural 2014-2015","datePublished":"2015-05-27T09:04:12+00:00","mainEntityOfPage":{"@id":"https:\/\/www.artbarcelona.es\/circuit\/ets-public-lliurament-del-premi-internacional-a-la-innovacio-cultural-2014-2015\/"},"wordCount":294,"commentCount":0,"image":{"@id":"https:\/\/www.artbarcelona.es\/circuit\/ets-public-lliurament-del-premi-internacional-a-la-innovacio-cultural-2014-2015\/#primaryimage"},"thumbnailUrl":"https:\/\/www.artbarcelona.es\/circuit\/wp-content\/uploads\/sites\/8\/2015\/05\/premio-innovacion-cultural.jpg","articleSection":["General"],"inLanguage":"ca","potentialAction":[{"@type":"CommentAction","name":"Comment","target":["https:\/\/www.artbarcelona.es\/circuit\/ets-public-lliurament-del-premi-internacional-a-la-innovacio-cultural-2014-2015\/#respond"]}]},{"@type":"WebPage","@id":"https:\/\/www.artbarcelona.es\/circuit\/ets-public-lliurament-del-premi-internacional-a-la-innovacio-cultural-2014-2015\/","url":"https:\/\/www.artbarcelona.es\/circuit\/ets-public-lliurament-del-premi-internacional-a-la-innovacio-cultural-2014-2015\/","name":"Ets p\u00fablic? Lliurament del Premi Internacional a la Innovaci\u00f3 Cultural 2014-2015 - Circuit d\u2019Art Contemporani","isPartOf":{"@id":"https:\/\/www.artbarcelona.es\/circuit\/en\/#website"},"primaryImageOfPage":{"@id":"https:\/\/www.artbarcelona.es\/circuit\/ets-public-lliurament-del-premi-internacional-a-la-innovacio-cultural-2014-2015\/#primaryimage"},"image":{"@id":"https:\/\/www.artbarcelona.es\/circuit\/ets-public-lliurament-del-premi-internacional-a-la-innovacio-cultural-2014-2015\/#primaryimage"},"thumbnailUrl":"https:\/\/www.artbarcelona.es\/circuit\/wp-content\/uploads\/sites\/8\/2015\/05\/premio-innovacion-cultural.jpg","datePublished":"2015-05-27T09:04:12+00:00","author":{"@id":"https:\/\/www.artbarcelona.es\/circuit\/en\/#\/schema\/person\/c379f777c7a53ecc191a63a3e51b2bad"},"breadcrumb":{"@id":"https:\/\/www.artbarcelona.es\/circuit\/ets-public-lliurament-del-premi-internacional-a-la-innovacio-cultural-2014-2015\/#breadcrumb"},"inLanguage":"ca","potentialAction":[{"@type":"ReadAction","target":["https:\/\/www.artbarcelona.es\/circuit\/ets-public-lliurament-del-premi-internacional-a-la-innovacio-cultural-2014-2015\/"]}]},{"@type":"ImageObject","inLanguage":"ca","@id":"https:\/\/www.artbarcelona.es\/circuit\/ets-public-lliurament-del-premi-internacional-a-la-innovacio-cultural-2014-2015\/#primaryimage","url":"https:\/\/www.artbarcelona.es\/circuit\/wp-content\/uploads\/sites\/8\/2015\/05\/premio-innovacion-cultural.jpg","contentUrl":"https:\/\/www.artbarcelona.es\/circuit\/wp-content\/uploads\/sites\/8\/2015\/05\/premio-innovacion-cultural.jpg","width":550,"height":377},{"@type":"BreadcrumbList","@id":"https:\/\/www.artbarcelona.es\/circuit\/ets-public-lliurament-del-premi-internacional-a-la-innovacio-cultural-2014-2015\/#breadcrumb","itemListElement":[{"@type":"ListItem","position":1,"name":"Inici","item":"https:\/\/www.artbarcelona.es\/circuit\/"},{"@type":"ListItem","position":2,"name":"Ets p\u00fablic? Lliurament del Premi Internacional a la Innovaci\u00f3 Cultural 2014-2015"}]},{"@type":"WebSite","@id":"https:\/\/www.artbarcelona.es\/circuit\/en\/#website","url":"https:\/\/www.artbarcelona.es\/circuit\/en\/","name":"Circuit d\u2019Art Contemporani","description":"Altre lloc gestionat amb el WordPress","potentialAction":[{"@type":"SearchAction","target":{"@type":"EntryPoint","urlTemplate":"https:\/\/www.artbarcelona.es\/circuit\/en\/?s={search_term_string}"},"query-input":{"@type":"PropertyValueSpecification","valueRequired":true,"valueName":"search_term_string"}}],"inLanguage":"ca"},{"@type":"Person","@id":"https:\/\/www.artbarcelona.es\/circuit\/en\/#\/schema\/person\/c379f777c7a53ecc191a63a3e51b2bad","name":"artbcn","image":{"@type":"ImageObject","inLanguage":"ca","@id":"https:\/\/www.artbarcelona.es\/circuit\/en\/#\/schema\/person\/image\/","url":"https:\/\/secure.gravatar.com\/avatar\/4ddf659beed766a1822ba183801467f90daf7575c74b5566b29c3afe4deef47f?s=96&d=mm&r=g","contentUrl":"https:\/\/secure.gravatar.com\/avatar\/4ddf659beed766a1822ba183801467f90daf7575c74b5566b29c3afe4deef47f?s=96&d=mm&r=g","caption":"artbcn"},"url":"https:\/\/www.artbarcelona.es\/circuit\/author\/artbcn\/"}]}},"acf":[],"_links":{"self":[{"href":"https:\/\/www.artbarcelona.es\/circuit\/wp-json\/wp\/v2\/posts\/2468","targetHints":{"allow":["GET"]}}],"collection":[{"href":"https:\/\/www.artbarcelona.es\/circuit\/wp-json\/wp\/v2\/posts"}],"about":[{"href":"https:\/\/www.artbarcelona.es\/circuit\/wp-json\/wp\/v2\/types\/post"}],"author":[{"embeddable":true,"href":"https:\/\/www.artbarcelona.es\/circuit\/wp-json\/wp\/v2\/users\/1"}],"replies":[{"embeddable":true,"href":"https:\/\/www.artbarcelona.es\/circuit\/wp-json\/wp\/v2\/comments?post=2468"}],"version-history":[{"count":1,"href":"https:\/\/www.artbarcelona.es\/circuit\/wp-json\/wp\/v2\/posts\/2468\/revisions"}],"predecessor-version":[{"id":2472,"href":"https:\/\/www.artbarcelona.es\/circuit\/wp-json\/wp\/v2\/posts\/2468\/revisions\/2472"}],"wp:featuredmedia":[{"embeddable":true,"href":"https:\/\/www.artbarcelona.es\/circuit\/wp-json\/wp\/v2\/media\/2469"}],"wp:attachment":[{"href":"https:\/\/www.artbarcelona.es\/circuit\/wp-json\/wp\/v2\/media?parent=2468"}],"wp:term":[{"taxonomy":"category","embeddable":true,"href":"https:\/\/www.artbarcelona.es\/circuit\/wp-json\/wp\/v2\/categories?post=2468"},{"taxonomy":"post_tag","embeddable":true,"href":"https:\/\/www.artbarcelona.es\/circuit\/wp-json\/wp\/v2\/tags?post=2468"}],"curies":[{"name":"wp","href":"https:\/\/api.w.org\/{rel}","templated":true}]}}