{"id":3668,"date":"2016-02-29T13:31:29","date_gmt":"2016-02-29T12:31:29","guid":{"rendered":"http:\/\/www.artbarcelona.es\/circuit\/?p=3668"},"modified":"2016-02-29T13:31:29","modified_gmt":"2016-02-29T12:31:29","slug":"cultura-viva-a-fabra-i-coats","status":"publish","type":"post","link":"https:\/\/www.artbarcelona.es\/circuit\/cultura-viva-a-fabra-i-coats\/","title":{"rendered":"&#8220;Cultura Viva&#8221; a Fabra i Coats"},"content":{"rendered":"<h2><em>Una trobada d&#8217;arrels locals i perspectiva internacional que indaga, a partir d&#8217;experi\u00e8ncies concretes, en la relaci\u00f3 entre ciutadania, institucions i espais comuns de la cultura des dels valors democr\u00e0tics de la transpar\u00e8ncia, la cr\u00edtica, la proximitat i la participaci\u00f3.<\/em><\/h2>\n<p><strong>1 i 2 de mar\u00e7<\/strong><\/p>\n<p><strong><a href=\"http:\/\/fabraicoats.bcn.cat\/\" target=\"_blank\">Fabra i Coats &#8211; F\u00e0brica de Creaci\u00f3<\/a><\/strong><\/p>\n<p>Estem vivint un proc\u00e9s de transformacions socials i pol\u00edtiques profundes que fa necessari abordar els nous reptes que planteja per a la cultura la relaci\u00f3 entre les institucions i la ciutadania. La ciutat de Barcelona s&#8217;ha convertit en la capital dels processos de canvi democr\u00e0tic local que treballen per posar les institucions al servei de la ciutadania, transformant-les en espais m\u00e9s oberts i accessibles mitjan\u00e7ant la implementaci\u00f3 de mecanismes per fomentar la transpar\u00e8ncia, el disseny de processos participatius i una profunda democratitzaci\u00f3 de la seva gesti\u00f3. Tot aix\u00f2 concerneix for\u00e7osament el disseny de les pol\u00edtiques culturals i la manera com en aquest marc es conceben els processos de col\u00b7laboraci\u00f3 entre col\u00b7lectius, associacions, agents, empreses i institucions culturals.<\/p>\n<p>Acostumats com estem a sentir parlar de la cultura com un recurs al servei de la creaci\u00f3 d&#8217;ingressos, de la pacificaci\u00f3 de conflictes socials, de la producci\u00f3 de marca i identitat local o com un reclam per a visitants, ha arribat l&#8217;hora de significar la cultura com un b\u00e9 com\u00fa, com un espai de producci\u00f3 de valors que van m\u00e9s enll\u00e0 de l&#8217;utilitarisme. En aquest proc\u00e9s de democratitzaci\u00f3 que vivim \u00e9s important seguir fomentant la cultura com una font de riquesa i de sustento, per\u00f2 tamb\u00e9 com una forma de vida: com una font de coneixements i sabers, de pr\u00e0ctiques i de valors, com un espai de producci\u00f3 de narratives i imaginaris, de llocs en els quals identificar-nos i amb els quals dissentir. Com un espai imprescindible des del qual pensar la vida a la ciutat.<\/p>\n<p>La gesti\u00f3 comuna de la cultura aspira a l&#8217;autonomia i la cr\u00edtica, a la gesti\u00f3 p\u00fablica, a fomentar la proximitat i que tots els ciutadans i ciutadanes puguin crear, consumir, compartir i gaudir d&#8217;una vida cultural rica i activa. S\u00f3n, sens dubte, grans reptes sobre els quals \u00e9s necessari reflexionar de manera col\u00b7lectiva i des de la voluntat d&#8217;integrar veus, pr\u00e0ctiques i necessitats.<\/p>\n<p>Per aix\u00f2 CULTURA VIVA es presenta com a una trobada d&#8217;arrels locals i perspectiva internacional que indaga, a partir d&#8217;experi\u00e8ncies concretes, en la relaci\u00f3 entre ciutadania, institucions i espais comuns de la cultura des dels valors democr\u00e0tics de la transpar\u00e8ncia, la cr\u00edtica, la proximitat i la participaci\u00f3.<\/p>\n<p><strong>M\u00e9s informaci\u00f3 <a href=\"http:\/\/ajuntament.barcelona.cat\/culturaviva\/\" target=\"_blank\">aqu\u00ed<\/a><\/strong><\/p>\n","protected":false},"excerpt":{"rendered":"<p>Una trobada d&#8217;arrels locals i perspectiva internacional que indaga, a partir d&#8217;experi\u00e8ncies concretes, en la relaci\u00f3 entre ciutadania, institucions i espais comuns de la cultura des dels valors democr\u00e0tics de la transpar\u00e8ncia, la cr\u00edtica, la proximitat i la participaci\u00f3. 1 i 2 de mar\u00e7 Fabra i Coats &#8211; F\u00e0brica de Creaci\u00f3 Estem vivint un proc\u00e9s [&hellip;]<\/p>\n","protected":false},"author":1,"featured_media":3672,"comment_status":"open","ping_status":"open","sticky":false,"template":"","format":"standard","meta":{"_acf_changed":false,"footnotes":""},"categories":[1],"tags":[],"class_list":["post-3668","post","type-post","status-publish","format-standard","has-post-thumbnail","hentry","category-general"],"yoast_head":"<!-- This site is optimized with the Yoast SEO plugin v27.0 - https:\/\/yoast.com\/product\/yoast-seo-wordpress\/ -->\n<title>&quot;Cultura Viva&quot; a Fabra i Coats - Circuit d\u2019Art Contemporani<\/title>\n<meta name=\"robots\" content=\"index, follow, max-snippet:-1, max-image-preview:large, max-video-preview:-1\" \/>\n<link rel=\"canonical\" href=\"https:\/\/www.artbarcelona.es\/circuit\/cultura-viva-a-fabra-i-coats\/\" \/>\n<meta property=\"og:locale\" content=\"ca_ES\" \/>\n<meta property=\"og:type\" content=\"article\" \/>\n<meta property=\"og:title\" content=\"&quot;Cultura Viva&quot; a Fabra i Coats - Circuit d\u2019Art Contemporani\" \/>\n<meta property=\"og:description\" content=\"Una trobada d&#8217;arrels locals i perspectiva internacional que indaga, a partir d&#8217;experi\u00e8ncies concretes, en la relaci\u00f3 entre ciutadania, institucions i espais comuns de la cultura des dels valors democr\u00e0tics de la transpar\u00e8ncia, la cr\u00edtica, la proximitat i la participaci\u00f3. 1 i 2 de mar\u00e7 Fabra i Coats &#8211; F\u00e0brica de Creaci\u00f3 Estem vivint un proc\u00e9s [&hellip;]\" \/>\n<meta property=\"og:url\" content=\"https:\/\/www.artbarcelona.es\/circuit\/cultura-viva-a-fabra-i-coats\/\" \/>\n<meta property=\"og:site_name\" content=\"Circuit d\u2019Art Contemporani\" \/>\n<meta property=\"article:published_time\" content=\"2016-02-29T12:31:29+00:00\" \/>\n<meta property=\"og:image\" content=\"https:\/\/www.artbarcelona.es\/circuit\/wp-content\/uploads\/sites\/8\/2016\/02\/cultura-viva.jpg\" \/>\n\t<meta property=\"og:image:width\" content=\"1147\" \/>\n\t<meta property=\"og:image:height\" content=\"471\" \/>\n\t<meta property=\"og:image:type\" content=\"image\/jpeg\" \/>\n<meta name=\"author\" content=\"artbcn\" \/>\n<meta name=\"twitter:card\" content=\"summary_large_image\" \/>\n<meta name=\"twitter:label1\" content=\"Escrit per\" \/>\n\t<meta name=\"twitter:data1\" content=\"artbcn\" \/>\n\t<meta name=\"twitter:label2\" content=\"Temps estimat de lectura\" \/>\n\t<meta name=\"twitter:data2\" content=\"2 minuts\" \/>\n<script type=\"application\/ld+json\" class=\"yoast-schema-graph\">{\"@context\":\"https:\/\/schema.org\",\"@graph\":[{\"@type\":\"Article\",\"@id\":\"https:\/\/www.artbarcelona.es\/circuit\/cultura-viva-a-fabra-i-coats\/#article\",\"isPartOf\":{\"@id\":\"https:\/\/www.artbarcelona.es\/circuit\/cultura-viva-a-fabra-i-coats\/\"},\"author\":{\"name\":\"artbcn\",\"@id\":\"https:\/\/www.artbarcelona.es\/circuit\/en\/#\/schema\/person\/c379f777c7a53ecc191a63a3e51b2bad\"},\"headline\":\"&#8220;Cultura Viva&#8221; a Fabra i Coats\",\"datePublished\":\"2016-02-29T12:31:29+00:00\",\"mainEntityOfPage\":{\"@id\":\"https:\/\/www.artbarcelona.es\/circuit\/cultura-viva-a-fabra-i-coats\/\"},\"wordCount\":449,\"commentCount\":0,\"image\":{\"@id\":\"https:\/\/www.artbarcelona.es\/circuit\/cultura-viva-a-fabra-i-coats\/#primaryimage\"},\"thumbnailUrl\":\"https:\/\/www.artbarcelona.es\/circuit\/wp-content\/uploads\/sites\/8\/2016\/02\/cultura-viva.jpg\",\"articleSection\":[\"General\"],\"inLanguage\":\"ca\",\"potentialAction\":[{\"@type\":\"CommentAction\",\"name\":\"Comment\",\"target\":[\"https:\/\/www.artbarcelona.es\/circuit\/cultura-viva-a-fabra-i-coats\/#respond\"]}]},{\"@type\":\"WebPage\",\"@id\":\"https:\/\/www.artbarcelona.es\/circuit\/cultura-viva-a-fabra-i-coats\/\",\"url\":\"https:\/\/www.artbarcelona.es\/circuit\/cultura-viva-a-fabra-i-coats\/\",\"name\":\"\\\"Cultura Viva\\\" a Fabra i Coats - Circuit d\u2019Art Contemporani\",\"isPartOf\":{\"@id\":\"https:\/\/www.artbarcelona.es\/circuit\/en\/#website\"},\"primaryImageOfPage\":{\"@id\":\"https:\/\/www.artbarcelona.es\/circuit\/cultura-viva-a-fabra-i-coats\/#primaryimage\"},\"image\":{\"@id\":\"https:\/\/www.artbarcelona.es\/circuit\/cultura-viva-a-fabra-i-coats\/#primaryimage\"},\"thumbnailUrl\":\"https:\/\/www.artbarcelona.es\/circuit\/wp-content\/uploads\/sites\/8\/2016\/02\/cultura-viva.jpg\",\"datePublished\":\"2016-02-29T12:31:29+00:00\",\"author\":{\"@id\":\"https:\/\/www.artbarcelona.es\/circuit\/en\/#\/schema\/person\/c379f777c7a53ecc191a63a3e51b2bad\"},\"breadcrumb\":{\"@id\":\"https:\/\/www.artbarcelona.es\/circuit\/cultura-viva-a-fabra-i-coats\/#breadcrumb\"},\"inLanguage\":\"ca\",\"potentialAction\":[{\"@type\":\"ReadAction\",\"target\":[\"https:\/\/www.artbarcelona.es\/circuit\/cultura-viva-a-fabra-i-coats\/\"]}]},{\"@type\":\"ImageObject\",\"inLanguage\":\"ca\",\"@id\":\"https:\/\/www.artbarcelona.es\/circuit\/cultura-viva-a-fabra-i-coats\/#primaryimage\",\"url\":\"https:\/\/www.artbarcelona.es\/circuit\/wp-content\/uploads\/sites\/8\/2016\/02\/cultura-viva.jpg\",\"contentUrl\":\"https:\/\/www.artbarcelona.es\/circuit\/wp-content\/uploads\/sites\/8\/2016\/02\/cultura-viva.jpg\",\"width\":1147,\"height\":471},{\"@type\":\"BreadcrumbList\",\"@id\":\"https:\/\/www.artbarcelona.es\/circuit\/cultura-viva-a-fabra-i-coats\/#breadcrumb\",\"itemListElement\":[{\"@type\":\"ListItem\",\"position\":1,\"name\":\"Inici\",\"item\":\"https:\/\/www.artbarcelona.es\/circuit\/\"},{\"@type\":\"ListItem\",\"position\":2,\"name\":\"&#8220;Cultura Viva&#8221; a Fabra i Coats\"}]},{\"@type\":\"WebSite\",\"@id\":\"https:\/\/www.artbarcelona.es\/circuit\/en\/#website\",\"url\":\"https:\/\/www.artbarcelona.es\/circuit\/en\/\",\"name\":\"Circuit d\u2019Art Contemporani\",\"description\":\"Altre lloc gestionat amb el WordPress\",\"potentialAction\":[{\"@type\":\"SearchAction\",\"target\":{\"@type\":\"EntryPoint\",\"urlTemplate\":\"https:\/\/www.artbarcelona.es\/circuit\/en\/?s={search_term_string}\"},\"query-input\":{\"@type\":\"PropertyValueSpecification\",\"valueRequired\":true,\"valueName\":\"search_term_string\"}}],\"inLanguage\":\"ca\"},{\"@type\":\"Person\",\"@id\":\"https:\/\/www.artbarcelona.es\/circuit\/en\/#\/schema\/person\/c379f777c7a53ecc191a63a3e51b2bad\",\"name\":\"artbcn\",\"image\":{\"@type\":\"ImageObject\",\"inLanguage\":\"ca\",\"@id\":\"https:\/\/www.artbarcelona.es\/circuit\/en\/#\/schema\/person\/image\/\",\"url\":\"https:\/\/secure.gravatar.com\/avatar\/4ddf659beed766a1822ba183801467f90daf7575c74b5566b29c3afe4deef47f?s=96&d=mm&r=g\",\"contentUrl\":\"https:\/\/secure.gravatar.com\/avatar\/4ddf659beed766a1822ba183801467f90daf7575c74b5566b29c3afe4deef47f?s=96&d=mm&r=g\",\"caption\":\"artbcn\"},\"url\":\"https:\/\/www.artbarcelona.es\/circuit\/author\/artbcn\/\"}]}<\/script>\n<!-- \/ Yoast SEO plugin. -->","yoast_head_json":{"title":"\"Cultura Viva\" a Fabra i Coats - Circuit d\u2019Art Contemporani","robots":{"index":"index","follow":"follow","max-snippet":"max-snippet:-1","max-image-preview":"max-image-preview:large","max-video-preview":"max-video-preview:-1"},"canonical":"https:\/\/www.artbarcelona.es\/circuit\/cultura-viva-a-fabra-i-coats\/","og_locale":"ca_ES","og_type":"article","og_title":"\"Cultura Viva\" a Fabra i Coats - Circuit d\u2019Art Contemporani","og_description":"Una trobada d&#8217;arrels locals i perspectiva internacional que indaga, a partir d&#8217;experi\u00e8ncies concretes, en la relaci\u00f3 entre ciutadania, institucions i espais comuns de la cultura des dels valors democr\u00e0tics de la transpar\u00e8ncia, la cr\u00edtica, la proximitat i la participaci\u00f3. 1 i 2 de mar\u00e7 Fabra i Coats &#8211; F\u00e0brica de Creaci\u00f3 Estem vivint un proc\u00e9s [&hellip;]","og_url":"https:\/\/www.artbarcelona.es\/circuit\/cultura-viva-a-fabra-i-coats\/","og_site_name":"Circuit d\u2019Art Contemporani","article_published_time":"2016-02-29T12:31:29+00:00","og_image":[{"width":1147,"height":471,"url":"https:\/\/www.artbarcelona.es\/circuit\/wp-content\/uploads\/sites\/8\/2016\/02\/cultura-viva.jpg","type":"image\/jpeg"}],"author":"artbcn","twitter_card":"summary_large_image","twitter_misc":{"Escrit per":"artbcn","Temps estimat de lectura":"2 minuts"},"schema":{"@context":"https:\/\/schema.org","@graph":[{"@type":"Article","@id":"https:\/\/www.artbarcelona.es\/circuit\/cultura-viva-a-fabra-i-coats\/#article","isPartOf":{"@id":"https:\/\/www.artbarcelona.es\/circuit\/cultura-viva-a-fabra-i-coats\/"},"author":{"name":"artbcn","@id":"https:\/\/www.artbarcelona.es\/circuit\/en\/#\/schema\/person\/c379f777c7a53ecc191a63a3e51b2bad"},"headline":"&#8220;Cultura Viva&#8221; a Fabra i Coats","datePublished":"2016-02-29T12:31:29+00:00","mainEntityOfPage":{"@id":"https:\/\/www.artbarcelona.es\/circuit\/cultura-viva-a-fabra-i-coats\/"},"wordCount":449,"commentCount":0,"image":{"@id":"https:\/\/www.artbarcelona.es\/circuit\/cultura-viva-a-fabra-i-coats\/#primaryimage"},"thumbnailUrl":"https:\/\/www.artbarcelona.es\/circuit\/wp-content\/uploads\/sites\/8\/2016\/02\/cultura-viva.jpg","articleSection":["General"],"inLanguage":"ca","potentialAction":[{"@type":"CommentAction","name":"Comment","target":["https:\/\/www.artbarcelona.es\/circuit\/cultura-viva-a-fabra-i-coats\/#respond"]}]},{"@type":"WebPage","@id":"https:\/\/www.artbarcelona.es\/circuit\/cultura-viva-a-fabra-i-coats\/","url":"https:\/\/www.artbarcelona.es\/circuit\/cultura-viva-a-fabra-i-coats\/","name":"\"Cultura Viva\" a Fabra i Coats - Circuit d\u2019Art Contemporani","isPartOf":{"@id":"https:\/\/www.artbarcelona.es\/circuit\/en\/#website"},"primaryImageOfPage":{"@id":"https:\/\/www.artbarcelona.es\/circuit\/cultura-viva-a-fabra-i-coats\/#primaryimage"},"image":{"@id":"https:\/\/www.artbarcelona.es\/circuit\/cultura-viva-a-fabra-i-coats\/#primaryimage"},"thumbnailUrl":"https:\/\/www.artbarcelona.es\/circuit\/wp-content\/uploads\/sites\/8\/2016\/02\/cultura-viva.jpg","datePublished":"2016-02-29T12:31:29+00:00","author":{"@id":"https:\/\/www.artbarcelona.es\/circuit\/en\/#\/schema\/person\/c379f777c7a53ecc191a63a3e51b2bad"},"breadcrumb":{"@id":"https:\/\/www.artbarcelona.es\/circuit\/cultura-viva-a-fabra-i-coats\/#breadcrumb"},"inLanguage":"ca","potentialAction":[{"@type":"ReadAction","target":["https:\/\/www.artbarcelona.es\/circuit\/cultura-viva-a-fabra-i-coats\/"]}]},{"@type":"ImageObject","inLanguage":"ca","@id":"https:\/\/www.artbarcelona.es\/circuit\/cultura-viva-a-fabra-i-coats\/#primaryimage","url":"https:\/\/www.artbarcelona.es\/circuit\/wp-content\/uploads\/sites\/8\/2016\/02\/cultura-viva.jpg","contentUrl":"https:\/\/www.artbarcelona.es\/circuit\/wp-content\/uploads\/sites\/8\/2016\/02\/cultura-viva.jpg","width":1147,"height":471},{"@type":"BreadcrumbList","@id":"https:\/\/www.artbarcelona.es\/circuit\/cultura-viva-a-fabra-i-coats\/#breadcrumb","itemListElement":[{"@type":"ListItem","position":1,"name":"Inici","item":"https:\/\/www.artbarcelona.es\/circuit\/"},{"@type":"ListItem","position":2,"name":"&#8220;Cultura Viva&#8221; a Fabra i Coats"}]},{"@type":"WebSite","@id":"https:\/\/www.artbarcelona.es\/circuit\/en\/#website","url":"https:\/\/www.artbarcelona.es\/circuit\/en\/","name":"Circuit d\u2019Art Contemporani","description":"Altre lloc gestionat amb el WordPress","potentialAction":[{"@type":"SearchAction","target":{"@type":"EntryPoint","urlTemplate":"https:\/\/www.artbarcelona.es\/circuit\/en\/?s={search_term_string}"},"query-input":{"@type":"PropertyValueSpecification","valueRequired":true,"valueName":"search_term_string"}}],"inLanguage":"ca"},{"@type":"Person","@id":"https:\/\/www.artbarcelona.es\/circuit\/en\/#\/schema\/person\/c379f777c7a53ecc191a63a3e51b2bad","name":"artbcn","image":{"@type":"ImageObject","inLanguage":"ca","@id":"https:\/\/www.artbarcelona.es\/circuit\/en\/#\/schema\/person\/image\/","url":"https:\/\/secure.gravatar.com\/avatar\/4ddf659beed766a1822ba183801467f90daf7575c74b5566b29c3afe4deef47f?s=96&d=mm&r=g","contentUrl":"https:\/\/secure.gravatar.com\/avatar\/4ddf659beed766a1822ba183801467f90daf7575c74b5566b29c3afe4deef47f?s=96&d=mm&r=g","caption":"artbcn"},"url":"https:\/\/www.artbarcelona.es\/circuit\/author\/artbcn\/"}]}},"acf":[],"_links":{"self":[{"href":"https:\/\/www.artbarcelona.es\/circuit\/wp-json\/wp\/v2\/posts\/3668","targetHints":{"allow":["GET"]}}],"collection":[{"href":"https:\/\/www.artbarcelona.es\/circuit\/wp-json\/wp\/v2\/posts"}],"about":[{"href":"https:\/\/www.artbarcelona.es\/circuit\/wp-json\/wp\/v2\/types\/post"}],"author":[{"embeddable":true,"href":"https:\/\/www.artbarcelona.es\/circuit\/wp-json\/wp\/v2\/users\/1"}],"replies":[{"embeddable":true,"href":"https:\/\/www.artbarcelona.es\/circuit\/wp-json\/wp\/v2\/comments?post=3668"}],"version-history":[{"count":1,"href":"https:\/\/www.artbarcelona.es\/circuit\/wp-json\/wp\/v2\/posts\/3668\/revisions"}],"predecessor-version":[{"id":3675,"href":"https:\/\/www.artbarcelona.es\/circuit\/wp-json\/wp\/v2\/posts\/3668\/revisions\/3675"}],"wp:featuredmedia":[{"embeddable":true,"href":"https:\/\/www.artbarcelona.es\/circuit\/wp-json\/wp\/v2\/media\/3672"}],"wp:attachment":[{"href":"https:\/\/www.artbarcelona.es\/circuit\/wp-json\/wp\/v2\/media?parent=3668"}],"wp:term":[{"taxonomy":"category","embeddable":true,"href":"https:\/\/www.artbarcelona.es\/circuit\/wp-json\/wp\/v2\/categories?post=3668"},{"taxonomy":"post_tag","embeddable":true,"href":"https:\/\/www.artbarcelona.es\/circuit\/wp-json\/wp\/v2\/tags?post=3668"}],"curies":[{"name":"wp","href":"https:\/\/api.w.org\/{rel}","templated":true}]}}