{"id":4768,"date":"2016-11-25T13:55:51","date_gmt":"2016-11-25T12:55:51","guid":{"rendered":"http:\/\/www.artbarcelona.es\/circuit\/?p=4768"},"modified":"2016-11-25T14:04:05","modified_gmt":"2016-11-25T13:04:05","slug":"xi-simposi-internacional-de-critica-dart","status":"publish","type":"post","link":"https:\/\/www.artbarcelona.es\/circuit\/xi-simposi-internacional-de-critica-dart\/","title":{"rendered":"XI Simposi Internacional de Cr\u00edtica d\u2019Art."},"content":{"rendered":"<h3><strong>Subjectes en venda: precarietat laboral i pr\u00e0ctiques professionals del m\u00f3n de l\u2019art.<\/strong><\/h3>\n<p><strong><span class=\"categoria\">Simposi<\/span><\/strong><br \/>\n<strong><span class=\"categoria\">25.11.2016 \/ 9-17:15h i 26.11.2016 \/ 11-14h<\/span><\/strong><br \/>\n<strong>Sala d&#8217;actes de l&#8217;Arts Santa M\u00f2nica<\/strong><\/p>\n<p>&nbsp;<\/p>\n<p>Activitat gratu\u00efta amb aforament limitat<br \/>\nDirigit a tots els professionals de la cultura i estudiants de m\u00e0sters i postgraus<\/p>\n<p>&nbsp;<\/p>\n<p>El XI Simposi de l&#8217;ACCA es planteja com un espai de reflexi\u00f3 entorn de la situaci\u00f3 que vivim di\u00e0riament com a professionals del m\u00f3n de la cultura a trav\u00e9s de dos dies de confer\u00e8ncies, una taula rodona i un taller amb convidats internacionals.<\/p>\n<p>Amb Federico Campagna, Rosza Zita Farkas, Ingrid Guardiola, Yaiza Hern\u00e1ndez, F\u00e9lix Denuit, Sonia Fern\u00e1ndez Pan, Rosa Mart\u00ednez i Carles Guerra.<\/p>\n<p>A cura de Rosa Lle\u00f3 i Imma Prieto.<\/p>\n<p>El XI Simposi de l\u2019ACCA es planteja com un espai des d&#8217;on abordar un conjunt de situacions que v\u00e9nen a caracteritzar la situaci\u00f3 laboral de la majoria de professionals que conformen el sector de l&#8217;art contemporani i la cultura.<\/p>\n<p>Aquesta edici\u00f3 es concep com una reflexi\u00f3 entorn de la precarietat de les condicions laborals de les professions anomenades liberals -pensar si l&#8217;adjectiu ens acosta a la llibertat o al liberalisme- relacionades amb l&#8217;escriptura, el comissariat i els models h\u00edbrids relacionats amb la mediaci\u00f3 i gesti\u00f3 cultural o la producci\u00f3 art\u00edstica.<\/p>\n<p>La producci\u00f3 de l&#8217;intel\u00b7lecte en termes de valor d&#8217;\u00fas t\u00e9 virtualment l\u00edmits infinits i \u00e9s dif\u00edcil de comptabilitzar, per\u00f2 \u00e9s una tasca indispensable en el nostre precari context, sobretot per defensar-se de l&#8217;ab\u00fas de paraules com a &#8220;capital simb\u00f2lic&#8221; i \u201cvisibilitat&#8221; a m\u00e9s de per entendre una realitat on les jerarquies i la difer\u00e8ncia de g\u00e8neres encara est\u00e0 vigent.<\/p>\n<p>&nbsp;<\/p>\n<p>M\u00e9s informaci\u00f3 <a href=\"http:\/\/artssantamonica.gencat.cat\/ca\/detall\/XI-Simposi-Internacional-de-Critica-dArt\" target=\"_blank\">aqu\u00ed<\/a>.<\/p>\n<p>&nbsp;<\/p>\n","protected":false},"excerpt":{"rendered":"<p>Subjectes en venda: precarietat laboral i pr\u00e0ctiques professionals del m\u00f3n de l\u2019art. Simposi 25.11.2016 \/ 9-17:15h i 26.11.2016 \/ 11-14h Sala d&#8217;actes de l&#8217;Arts Santa M\u00f2nica &nbsp; Activitat gratu\u00efta amb aforament limitat Dirigit a tots els professionals de la cultura i estudiants de m\u00e0sters i postgraus &nbsp; El XI Simposi de l&#8217;ACCA es planteja com [&hellip;]<\/p>\n","protected":false},"author":1,"featured_media":4769,"comment_status":"open","ping_status":"open","sticky":false,"template":"","format":"standard","meta":{"_acf_changed":false,"footnotes":""},"categories":[1],"tags":[],"class_list":["post-4768","post","type-post","status-publish","format-standard","has-post-thumbnail","hentry","category-general"],"yoast_head":"<!-- This site is optimized with the Yoast SEO plugin v27.0 - https:\/\/yoast.com\/product\/yoast-seo-wordpress\/ -->\n<title>XI Simposi Internacional de Cr\u00edtica d\u2019Art. - Circuit d\u2019Art Contemporani<\/title>\n<meta name=\"robots\" content=\"index, follow, max-snippet:-1, max-image-preview:large, max-video-preview:-1\" \/>\n<link rel=\"canonical\" href=\"https:\/\/www.artbarcelona.es\/circuit\/xi-simposi-internacional-de-critica-dart\/\" \/>\n<meta property=\"og:locale\" content=\"ca_ES\" \/>\n<meta property=\"og:type\" content=\"article\" \/>\n<meta property=\"og:title\" content=\"XI Simposi Internacional de Cr\u00edtica d\u2019Art. - Circuit d\u2019Art Contemporani\" \/>\n<meta property=\"og:description\" content=\"Subjectes en venda: precarietat laboral i pr\u00e0ctiques professionals del m\u00f3n de l\u2019art. Simposi 25.11.2016 \/ 9-17:15h i 26.11.2016 \/ 11-14h Sala d&#8217;actes de l&#8217;Arts Santa M\u00f2nica &nbsp; Activitat gratu\u00efta amb aforament limitat Dirigit a tots els professionals de la cultura i estudiants de m\u00e0sters i postgraus &nbsp; El XI Simposi de l&#8217;ACCA es planteja com [&hellip;]\" \/>\n<meta property=\"og:url\" content=\"https:\/\/www.artbarcelona.es\/circuit\/xi-simposi-internacional-de-critica-dart\/\" \/>\n<meta property=\"og:site_name\" content=\"Circuit d\u2019Art Contemporani\" \/>\n<meta property=\"article:published_time\" content=\"2016-11-25T12:55:51+00:00\" \/>\n<meta property=\"article:modified_time\" content=\"2016-11-25T13:04:05+00:00\" \/>\n<meta property=\"og:image\" content=\"https:\/\/www.artbarcelona.es\/circuit\/wp-content\/uploads\/sites\/8\/2016\/11\/Simposi-ACCA-difusion_web-05.jpg\" \/>\n\t<meta property=\"og:image:width\" content=\"606\" \/>\n\t<meta property=\"og:image:height\" content=\"420\" \/>\n\t<meta property=\"og:image:type\" content=\"image\/jpeg\" \/>\n<meta name=\"author\" content=\"artbcn\" \/>\n<meta name=\"twitter:card\" content=\"summary_large_image\" \/>\n<meta name=\"twitter:label1\" content=\"Escrit per\" \/>\n\t<meta name=\"twitter:data1\" content=\"artbcn\" \/>\n\t<meta name=\"twitter:label2\" content=\"Temps estimat de lectura\" \/>\n\t<meta name=\"twitter:data2\" content=\"1 minut\" \/>\n<script type=\"application\/ld+json\" class=\"yoast-schema-graph\">{\"@context\":\"https:\/\/schema.org\",\"@graph\":[{\"@type\":\"Article\",\"@id\":\"https:\/\/www.artbarcelona.es\/circuit\/xi-simposi-internacional-de-critica-dart\/#article\",\"isPartOf\":{\"@id\":\"https:\/\/www.artbarcelona.es\/circuit\/xi-simposi-internacional-de-critica-dart\/\"},\"author\":{\"name\":\"artbcn\",\"@id\":\"https:\/\/www.artbarcelona.es\/circuit\/en\/#\/schema\/person\/c379f777c7a53ecc191a63a3e51b2bad\"},\"headline\":\"XI Simposi Internacional de Cr\u00edtica d\u2019Art.\",\"datePublished\":\"2016-11-25T12:55:51+00:00\",\"dateModified\":\"2016-11-25T13:04:05+00:00\",\"mainEntityOfPage\":{\"@id\":\"https:\/\/www.artbarcelona.es\/circuit\/xi-simposi-internacional-de-critica-dart\/\"},\"wordCount\":306,\"commentCount\":0,\"image\":{\"@id\":\"https:\/\/www.artbarcelona.es\/circuit\/xi-simposi-internacional-de-critica-dart\/#primaryimage\"},\"thumbnailUrl\":\"https:\/\/www.artbarcelona.es\/circuit\/wp-content\/uploads\/sites\/8\/2016\/11\/Simposi-ACCA-difusion_web-05.jpg\",\"articleSection\":[\"General\"],\"inLanguage\":\"ca\",\"potentialAction\":[{\"@type\":\"CommentAction\",\"name\":\"Comment\",\"target\":[\"https:\/\/www.artbarcelona.es\/circuit\/xi-simposi-internacional-de-critica-dart\/#respond\"]}]},{\"@type\":\"WebPage\",\"@id\":\"https:\/\/www.artbarcelona.es\/circuit\/xi-simposi-internacional-de-critica-dart\/\",\"url\":\"https:\/\/www.artbarcelona.es\/circuit\/xi-simposi-internacional-de-critica-dart\/\",\"name\":\"XI Simposi Internacional de Cr\u00edtica d\u2019Art. - Circuit d\u2019Art Contemporani\",\"isPartOf\":{\"@id\":\"https:\/\/www.artbarcelona.es\/circuit\/en\/#website\"},\"primaryImageOfPage\":{\"@id\":\"https:\/\/www.artbarcelona.es\/circuit\/xi-simposi-internacional-de-critica-dart\/#primaryimage\"},\"image\":{\"@id\":\"https:\/\/www.artbarcelona.es\/circuit\/xi-simposi-internacional-de-critica-dart\/#primaryimage\"},\"thumbnailUrl\":\"https:\/\/www.artbarcelona.es\/circuit\/wp-content\/uploads\/sites\/8\/2016\/11\/Simposi-ACCA-difusion_web-05.jpg\",\"datePublished\":\"2016-11-25T12:55:51+00:00\",\"dateModified\":\"2016-11-25T13:04:05+00:00\",\"author\":{\"@id\":\"https:\/\/www.artbarcelona.es\/circuit\/en\/#\/schema\/person\/c379f777c7a53ecc191a63a3e51b2bad\"},\"breadcrumb\":{\"@id\":\"https:\/\/www.artbarcelona.es\/circuit\/xi-simposi-internacional-de-critica-dart\/#breadcrumb\"},\"inLanguage\":\"ca\",\"potentialAction\":[{\"@type\":\"ReadAction\",\"target\":[\"https:\/\/www.artbarcelona.es\/circuit\/xi-simposi-internacional-de-critica-dart\/\"]}]},{\"@type\":\"ImageObject\",\"inLanguage\":\"ca\",\"@id\":\"https:\/\/www.artbarcelona.es\/circuit\/xi-simposi-internacional-de-critica-dart\/#primaryimage\",\"url\":\"https:\/\/www.artbarcelona.es\/circuit\/wp-content\/uploads\/sites\/8\/2016\/11\/Simposi-ACCA-difusion_web-05.jpg\",\"contentUrl\":\"https:\/\/www.artbarcelona.es\/circuit\/wp-content\/uploads\/sites\/8\/2016\/11\/Simposi-ACCA-difusion_web-05.jpg\",\"width\":606,\"height\":420},{\"@type\":\"BreadcrumbList\",\"@id\":\"https:\/\/www.artbarcelona.es\/circuit\/xi-simposi-internacional-de-critica-dart\/#breadcrumb\",\"itemListElement\":[{\"@type\":\"ListItem\",\"position\":1,\"name\":\"Inici\",\"item\":\"https:\/\/www.artbarcelona.es\/circuit\/\"},{\"@type\":\"ListItem\",\"position\":2,\"name\":\"XI Simposi Internacional de Cr\u00edtica d\u2019Art.\"}]},{\"@type\":\"WebSite\",\"@id\":\"https:\/\/www.artbarcelona.es\/circuit\/en\/#website\",\"url\":\"https:\/\/www.artbarcelona.es\/circuit\/en\/\",\"name\":\"Circuit d\u2019Art Contemporani\",\"description\":\"Altre lloc gestionat amb el WordPress\",\"potentialAction\":[{\"@type\":\"SearchAction\",\"target\":{\"@type\":\"EntryPoint\",\"urlTemplate\":\"https:\/\/www.artbarcelona.es\/circuit\/en\/?s={search_term_string}\"},\"query-input\":{\"@type\":\"PropertyValueSpecification\",\"valueRequired\":true,\"valueName\":\"search_term_string\"}}],\"inLanguage\":\"ca\"},{\"@type\":\"Person\",\"@id\":\"https:\/\/www.artbarcelona.es\/circuit\/en\/#\/schema\/person\/c379f777c7a53ecc191a63a3e51b2bad\",\"name\":\"artbcn\",\"image\":{\"@type\":\"ImageObject\",\"inLanguage\":\"ca\",\"@id\":\"https:\/\/www.artbarcelona.es\/circuit\/en\/#\/schema\/person\/image\/\",\"url\":\"https:\/\/secure.gravatar.com\/avatar\/4ddf659beed766a1822ba183801467f90daf7575c74b5566b29c3afe4deef47f?s=96&d=mm&r=g\",\"contentUrl\":\"https:\/\/secure.gravatar.com\/avatar\/4ddf659beed766a1822ba183801467f90daf7575c74b5566b29c3afe4deef47f?s=96&d=mm&r=g\",\"caption\":\"artbcn\"},\"url\":\"https:\/\/www.artbarcelona.es\/circuit\/author\/artbcn\/\"}]}<\/script>\n<!-- \/ Yoast SEO plugin. -->","yoast_head_json":{"title":"XI Simposi Internacional de Cr\u00edtica d\u2019Art. - Circuit d\u2019Art Contemporani","robots":{"index":"index","follow":"follow","max-snippet":"max-snippet:-1","max-image-preview":"max-image-preview:large","max-video-preview":"max-video-preview:-1"},"canonical":"https:\/\/www.artbarcelona.es\/circuit\/xi-simposi-internacional-de-critica-dart\/","og_locale":"ca_ES","og_type":"article","og_title":"XI Simposi Internacional de Cr\u00edtica d\u2019Art. - Circuit d\u2019Art Contemporani","og_description":"Subjectes en venda: precarietat laboral i pr\u00e0ctiques professionals del m\u00f3n de l\u2019art. Simposi 25.11.2016 \/ 9-17:15h i 26.11.2016 \/ 11-14h Sala d&#8217;actes de l&#8217;Arts Santa M\u00f2nica &nbsp; Activitat gratu\u00efta amb aforament limitat Dirigit a tots els professionals de la cultura i estudiants de m\u00e0sters i postgraus &nbsp; El XI Simposi de l&#8217;ACCA es planteja com [&hellip;]","og_url":"https:\/\/www.artbarcelona.es\/circuit\/xi-simposi-internacional-de-critica-dart\/","og_site_name":"Circuit d\u2019Art Contemporani","article_published_time":"2016-11-25T12:55:51+00:00","article_modified_time":"2016-11-25T13:04:05+00:00","og_image":[{"width":606,"height":420,"url":"https:\/\/www.artbarcelona.es\/circuit\/wp-content\/uploads\/sites\/8\/2016\/11\/Simposi-ACCA-difusion_web-05.jpg","type":"image\/jpeg"}],"author":"artbcn","twitter_card":"summary_large_image","twitter_misc":{"Escrit per":"artbcn","Temps estimat de lectura":"1 minut"},"schema":{"@context":"https:\/\/schema.org","@graph":[{"@type":"Article","@id":"https:\/\/www.artbarcelona.es\/circuit\/xi-simposi-internacional-de-critica-dart\/#article","isPartOf":{"@id":"https:\/\/www.artbarcelona.es\/circuit\/xi-simposi-internacional-de-critica-dart\/"},"author":{"name":"artbcn","@id":"https:\/\/www.artbarcelona.es\/circuit\/en\/#\/schema\/person\/c379f777c7a53ecc191a63a3e51b2bad"},"headline":"XI Simposi Internacional de Cr\u00edtica d\u2019Art.","datePublished":"2016-11-25T12:55:51+00:00","dateModified":"2016-11-25T13:04:05+00:00","mainEntityOfPage":{"@id":"https:\/\/www.artbarcelona.es\/circuit\/xi-simposi-internacional-de-critica-dart\/"},"wordCount":306,"commentCount":0,"image":{"@id":"https:\/\/www.artbarcelona.es\/circuit\/xi-simposi-internacional-de-critica-dart\/#primaryimage"},"thumbnailUrl":"https:\/\/www.artbarcelona.es\/circuit\/wp-content\/uploads\/sites\/8\/2016\/11\/Simposi-ACCA-difusion_web-05.jpg","articleSection":["General"],"inLanguage":"ca","potentialAction":[{"@type":"CommentAction","name":"Comment","target":["https:\/\/www.artbarcelona.es\/circuit\/xi-simposi-internacional-de-critica-dart\/#respond"]}]},{"@type":"WebPage","@id":"https:\/\/www.artbarcelona.es\/circuit\/xi-simposi-internacional-de-critica-dart\/","url":"https:\/\/www.artbarcelona.es\/circuit\/xi-simposi-internacional-de-critica-dart\/","name":"XI Simposi Internacional de Cr\u00edtica d\u2019Art. - Circuit d\u2019Art Contemporani","isPartOf":{"@id":"https:\/\/www.artbarcelona.es\/circuit\/en\/#website"},"primaryImageOfPage":{"@id":"https:\/\/www.artbarcelona.es\/circuit\/xi-simposi-internacional-de-critica-dart\/#primaryimage"},"image":{"@id":"https:\/\/www.artbarcelona.es\/circuit\/xi-simposi-internacional-de-critica-dart\/#primaryimage"},"thumbnailUrl":"https:\/\/www.artbarcelona.es\/circuit\/wp-content\/uploads\/sites\/8\/2016\/11\/Simposi-ACCA-difusion_web-05.jpg","datePublished":"2016-11-25T12:55:51+00:00","dateModified":"2016-11-25T13:04:05+00:00","author":{"@id":"https:\/\/www.artbarcelona.es\/circuit\/en\/#\/schema\/person\/c379f777c7a53ecc191a63a3e51b2bad"},"breadcrumb":{"@id":"https:\/\/www.artbarcelona.es\/circuit\/xi-simposi-internacional-de-critica-dart\/#breadcrumb"},"inLanguage":"ca","potentialAction":[{"@type":"ReadAction","target":["https:\/\/www.artbarcelona.es\/circuit\/xi-simposi-internacional-de-critica-dart\/"]}]},{"@type":"ImageObject","inLanguage":"ca","@id":"https:\/\/www.artbarcelona.es\/circuit\/xi-simposi-internacional-de-critica-dart\/#primaryimage","url":"https:\/\/www.artbarcelona.es\/circuit\/wp-content\/uploads\/sites\/8\/2016\/11\/Simposi-ACCA-difusion_web-05.jpg","contentUrl":"https:\/\/www.artbarcelona.es\/circuit\/wp-content\/uploads\/sites\/8\/2016\/11\/Simposi-ACCA-difusion_web-05.jpg","width":606,"height":420},{"@type":"BreadcrumbList","@id":"https:\/\/www.artbarcelona.es\/circuit\/xi-simposi-internacional-de-critica-dart\/#breadcrumb","itemListElement":[{"@type":"ListItem","position":1,"name":"Inici","item":"https:\/\/www.artbarcelona.es\/circuit\/"},{"@type":"ListItem","position":2,"name":"XI Simposi Internacional de Cr\u00edtica d\u2019Art."}]},{"@type":"WebSite","@id":"https:\/\/www.artbarcelona.es\/circuit\/en\/#website","url":"https:\/\/www.artbarcelona.es\/circuit\/en\/","name":"Circuit d\u2019Art Contemporani","description":"Altre lloc gestionat amb el WordPress","potentialAction":[{"@type":"SearchAction","target":{"@type":"EntryPoint","urlTemplate":"https:\/\/www.artbarcelona.es\/circuit\/en\/?s={search_term_string}"},"query-input":{"@type":"PropertyValueSpecification","valueRequired":true,"valueName":"search_term_string"}}],"inLanguage":"ca"},{"@type":"Person","@id":"https:\/\/www.artbarcelona.es\/circuit\/en\/#\/schema\/person\/c379f777c7a53ecc191a63a3e51b2bad","name":"artbcn","image":{"@type":"ImageObject","inLanguage":"ca","@id":"https:\/\/www.artbarcelona.es\/circuit\/en\/#\/schema\/person\/image\/","url":"https:\/\/secure.gravatar.com\/avatar\/4ddf659beed766a1822ba183801467f90daf7575c74b5566b29c3afe4deef47f?s=96&d=mm&r=g","contentUrl":"https:\/\/secure.gravatar.com\/avatar\/4ddf659beed766a1822ba183801467f90daf7575c74b5566b29c3afe4deef47f?s=96&d=mm&r=g","caption":"artbcn"},"url":"https:\/\/www.artbarcelona.es\/circuit\/author\/artbcn\/"}]}},"acf":[],"_links":{"self":[{"href":"https:\/\/www.artbarcelona.es\/circuit\/wp-json\/wp\/v2\/posts\/4768","targetHints":{"allow":["GET"]}}],"collection":[{"href":"https:\/\/www.artbarcelona.es\/circuit\/wp-json\/wp\/v2\/posts"}],"about":[{"href":"https:\/\/www.artbarcelona.es\/circuit\/wp-json\/wp\/v2\/types\/post"}],"author":[{"embeddable":true,"href":"https:\/\/www.artbarcelona.es\/circuit\/wp-json\/wp\/v2\/users\/1"}],"replies":[{"embeddable":true,"href":"https:\/\/www.artbarcelona.es\/circuit\/wp-json\/wp\/v2\/comments?post=4768"}],"version-history":[{"count":2,"href":"https:\/\/www.artbarcelona.es\/circuit\/wp-json\/wp\/v2\/posts\/4768\/revisions"}],"predecessor-version":[{"id":4780,"href":"https:\/\/www.artbarcelona.es\/circuit\/wp-json\/wp\/v2\/posts\/4768\/revisions\/4780"}],"wp:featuredmedia":[{"embeddable":true,"href":"https:\/\/www.artbarcelona.es\/circuit\/wp-json\/wp\/v2\/media\/4769"}],"wp:attachment":[{"href":"https:\/\/www.artbarcelona.es\/circuit\/wp-json\/wp\/v2\/media?parent=4768"}],"wp:term":[{"taxonomy":"category","embeddable":true,"href":"https:\/\/www.artbarcelona.es\/circuit\/wp-json\/wp\/v2\/categories?post=4768"},{"taxonomy":"post_tag","embeddable":true,"href":"https:\/\/www.artbarcelona.es\/circuit\/wp-json\/wp\/v2\/tags?post=4768"}],"curies":[{"name":"wp","href":"https:\/\/api.w.org\/{rel}","templated":true}]}}