{"id":2239,"date":"2015-05-22T09:34:26","date_gmt":"2015-05-22T08:34:26","guid":{"rendered":"http:\/\/www.artbarcelona.es\/?p=2239"},"modified":"2015-05-22T09:43:16","modified_gmt":"2015-05-22T08:43:16","slug":"llega-art-nou-primera-visio-2015","status":"publish","type":"post","link":"https:\/\/www.artbarcelona.es\/es\/llega-art-nou-primera-visio-2015\/","title":{"rendered":"Llega Art Nou \/ Primera Visi\u00f3 2015"},"content":{"rendered":"<p>Este a\u00f1o, Art Nou llega a la ciudad en pleno verano con exposiciones, recorridos y charlas para acercarte al arte joven en Barcelona.<\/p>\n<p>El 2 de julio se llevar\u00e1 a cabo la inauguraci\u00f3n de las exposiciones en las galer\u00edas, seguida como todos los a\u00f1os, de la fiesta en La Capella donde se entregar\u00e1 el premio al mejor proyecto. A lo largo de las siguientes semanas, se realizar\u00e1n rutas, charlas y actividades en distintos centros de arte de la ciudad. Save the date!<\/p>\n<p>No te pierdas esta cita con el arte emergente, s\u00edguenos en nuestras redes:<\/p>\n<p>Facebook: <a href=\"https:\/\/www.facebook.com\/ArtNouPrimeraVisio\" target=\"_blank\">Art Nou Primera Visi\u00f3<\/a><\/p>\n<p>Instagram: <a href=\"https:\/\/instagram.com\/artnouprimeravisio\" target=\"_blank\">@artnouprimeravisio<\/a><\/p>\n<p>Twitter: <a href=\"https:\/\/twitter.com\/ArtBarcelona_As\" target=\"_blank\">@ArtBarcelona_as<\/a><\/p>\n<p style=\"text-align: center;\"><iframe loading=\"lazy\" src=\"https:\/\/www.youtube.com\/embed\/G_1sliwCBcI\" width=\"560\" height=\"315\" frameborder=\"0\" allowfullscreen=\"allowfullscreen\"><\/iframe><\/p>\n","protected":false},"excerpt":{"rendered":"<p>Este a\u00f1o, Art Nou llega a la ciudad en pleno verano con exposiciones, recorridos y charlas para acercarte al arte joven en Barcelona. El 2 de julio se llevar\u00e1 a&#8230;<\/p>\n","protected":false},"author":1,"featured_media":2241,"comment_status":"open","ping_status":"open","sticky":false,"template":"","format":"standard","meta":{"inline_featured_image":false,"footnotes":""},"categories":[3],"tags":[],"class_list":["post-2239","post","type-post","status-publish","format-standard","has-post-thumbnail","hentry","category-general-es"],"yoast_head":"<!-- This site is optimized with the Yoast SEO plugin v27.0 - https:\/\/yoast.com\/product\/yoast-seo-wordpress\/ -->\n<title>Llega Art Nou \/ Primera Visi\u00f3 2015 - ArtBarcelona.<\/title>\n<meta name=\"robots\" content=\"index, follow, max-snippet:-1, max-image-preview:large, max-video-preview:-1\" \/>\n<link rel=\"canonical\" href=\"https:\/\/www.artbarcelona.es\/arriba-art-nou-primera-visio-2015\/\" \/>\n<meta property=\"og:locale\" content=\"es_ES\" \/>\n<meta property=\"og:type\" content=\"article\" \/>\n<meta property=\"og:title\" content=\"Llega Art Nou \/ Primera Visi\u00f3 2015 - ArtBarcelona.\" \/>\n<meta property=\"og:description\" content=\"Este a\u00f1o, Art Nou llega a la ciudad en pleno verano con exposiciones, recorridos y charlas para acercarte al arte joven en Barcelona. El 2 de julio se llevar\u00e1 a...\" \/>\n<meta property=\"og:url\" content=\"https:\/\/www.artbarcelona.es\/arriba-art-nou-primera-visio-2015\/\" \/>\n<meta property=\"og:site_name\" content=\"ArtBarcelona.\" \/>\n<meta property=\"article:published_time\" content=\"2015-05-22T08:34:26+00:00\" \/>\n<meta property=\"article:modified_time\" content=\"2015-05-22T08:43:16+00:00\" \/>\n<meta property=\"og:image\" content=\"https:\/\/www.artbarcelona.es\/wp-content\/uploads\/2015\/05\/Logo-Art-Nou-01.jpg\" \/>\n\t<meta property=\"og:image:width\" content=\"765\" \/>\n\t<meta property=\"og:image:height\" content=\"895\" \/>\n\t<meta property=\"og:image:type\" content=\"image\/jpeg\" \/>\n<meta name=\"author\" content=\"artbcn\" \/>\n<meta name=\"twitter:card\" content=\"summary_large_image\" \/>\n<meta name=\"twitter:label1\" content=\"Escrito por\" \/>\n\t<meta name=\"twitter:data1\" content=\"artbcn\" \/>\n\t<meta name=\"twitter:label2\" content=\"Tiempo de lectura\" \/>\n\t<meta name=\"twitter:data2\" content=\"1 minuto\" \/>\n<script type=\"application\/ld+json\" class=\"yoast-schema-graph\">{\"@context\":\"https:\/\/schema.org\",\"@graph\":[{\"@type\":\"Article\",\"@id\":\"https:\/\/www.artbarcelona.es\/arriba-art-nou-primera-visio-2015\/#article\",\"isPartOf\":{\"@id\":\"https:\/\/www.artbarcelona.es\/arriba-art-nou-primera-visio-2015\/\"},\"author\":{\"name\":\"artbcn\",\"@id\":\"https:\/\/www.artbarcelona.es\/#\/schema\/person\/c379f777c7a53ecc191a63a3e51b2bad\"},\"headline\":\"Llega Art Nou \/ Primera Visi\u00f3 2015\",\"datePublished\":\"2015-05-22T08:34:26+00:00\",\"dateModified\":\"2015-05-22T08:43:16+00:00\",\"mainEntityOfPage\":{\"@id\":\"https:\/\/www.artbarcelona.es\/arriba-art-nou-primera-visio-2015\/\"},\"wordCount\":115,\"commentCount\":0,\"publisher\":{\"@id\":\"https:\/\/www.artbarcelona.es\/#organization\"},\"image\":{\"@id\":\"https:\/\/www.artbarcelona.es\/arriba-art-nou-primera-visio-2015\/#primaryimage\"},\"thumbnailUrl\":\"https:\/\/www.artbarcelona.es\/wp-content\/uploads\/2015\/05\/Logo-Art-Nou-01.jpg\",\"articleSection\":[\"General @es\"],\"inLanguage\":\"es\",\"potentialAction\":[{\"@type\":\"CommentAction\",\"name\":\"Comment\",\"target\":[\"https:\/\/www.artbarcelona.es\/arriba-art-nou-primera-visio-2015\/#respond\"]}]},{\"@type\":\"WebPage\",\"@id\":\"https:\/\/www.artbarcelona.es\/arriba-art-nou-primera-visio-2015\/\",\"url\":\"https:\/\/www.artbarcelona.es\/arriba-art-nou-primera-visio-2015\/\",\"name\":\"Llega Art Nou \/ Primera Visi\u00f3 2015 - ArtBarcelona.\",\"isPartOf\":{\"@id\":\"https:\/\/www.artbarcelona.es\/#website\"},\"primaryImageOfPage\":{\"@id\":\"https:\/\/www.artbarcelona.es\/arriba-art-nou-primera-visio-2015\/#primaryimage\"},\"image\":{\"@id\":\"https:\/\/www.artbarcelona.es\/arriba-art-nou-primera-visio-2015\/#primaryimage\"},\"thumbnailUrl\":\"https:\/\/www.artbarcelona.es\/wp-content\/uploads\/2015\/05\/Logo-Art-Nou-01.jpg\",\"datePublished\":\"2015-05-22T08:34:26+00:00\",\"dateModified\":\"2015-05-22T08:43:16+00:00\",\"breadcrumb\":{\"@id\":\"https:\/\/www.artbarcelona.es\/arriba-art-nou-primera-visio-2015\/#breadcrumb\"},\"inLanguage\":\"es\",\"potentialAction\":[{\"@type\":\"ReadAction\",\"target\":[\"https:\/\/www.artbarcelona.es\/arriba-art-nou-primera-visio-2015\/\"]}]},{\"@type\":\"ImageObject\",\"inLanguage\":\"es\",\"@id\":\"https:\/\/www.artbarcelona.es\/arriba-art-nou-primera-visio-2015\/#primaryimage\",\"url\":\"https:\/\/www.artbarcelona.es\/wp-content\/uploads\/2015\/05\/Logo-Art-Nou-01.jpg\",\"contentUrl\":\"https:\/\/www.artbarcelona.es\/wp-content\/uploads\/2015\/05\/Logo-Art-Nou-01.jpg\",\"width\":765,\"height\":895},{\"@type\":\"BreadcrumbList\",\"@id\":\"https:\/\/www.artbarcelona.es\/arriba-art-nou-primera-visio-2015\/#breadcrumb\",\"itemListElement\":[{\"@type\":\"ListItem\",\"position\":1,\"name\":\"Portada\",\"item\":\"https:\/\/www.artbarcelona.es\/es\/\"},{\"@type\":\"ListItem\",\"position\":2,\"name\":\"Llega Art Nou \/ Primera Visi\u00f3 2015\"}]},{\"@type\":\"WebSite\",\"@id\":\"https:\/\/www.artbarcelona.es\/#website\",\"url\":\"https:\/\/www.artbarcelona.es\/\",\"name\":\"ArtBarcelona.\",\"description\":\"Altre lloc gestionat amb el WordPress\",\"publisher\":{\"@id\":\"https:\/\/www.artbarcelona.es\/#organization\"},\"potentialAction\":[{\"@type\":\"SearchAction\",\"target\":{\"@type\":\"EntryPoint\",\"urlTemplate\":\"https:\/\/www.artbarcelona.es\/?s={search_term_string}\"},\"query-input\":{\"@type\":\"PropertyValueSpecification\",\"valueRequired\":true,\"valueName\":\"search_term_string\"}}],\"inLanguage\":\"es\"},{\"@type\":\"Organization\",\"@id\":\"https:\/\/www.artbarcelona.es\/#organization\",\"name\":\"ArtBarcelona.\",\"url\":\"https:\/\/www.artbarcelona.es\/\",\"logo\":{\"@type\":\"ImageObject\",\"inLanguage\":\"es\",\"@id\":\"https:\/\/www.artbarcelona.es\/#\/schema\/logo\/image\/\",\"url\":\"https:\/\/www.artbarcelona.es\/wp-content\/uploads\/2024\/08\/logo-artb.svg\",\"contentUrl\":\"https:\/\/www.artbarcelona.es\/wp-content\/uploads\/2024\/08\/logo-artb.svg\",\"width\":139,\"height\":51,\"caption\":\"ArtBarcelona.\"},\"image\":{\"@id\":\"https:\/\/www.artbarcelona.es\/#\/schema\/logo\/image\/\"}},{\"@type\":\"Person\",\"@id\":\"https:\/\/www.artbarcelona.es\/#\/schema\/person\/c379f777c7a53ecc191a63a3e51b2bad\",\"name\":\"artbcn\",\"url\":\"https:\/\/www.artbarcelona.es\/es\/author\/artbcn\/\"}]}<\/script>\n<!-- \/ Yoast SEO plugin. -->","yoast_head_json":{"title":"Llega Art Nou \/ Primera Visi\u00f3 2015 - ArtBarcelona.","robots":{"index":"index","follow":"follow","max-snippet":"max-snippet:-1","max-image-preview":"max-image-preview:large","max-video-preview":"max-video-preview:-1"},"canonical":"https:\/\/www.artbarcelona.es\/arriba-art-nou-primera-visio-2015\/","og_locale":"es_ES","og_type":"article","og_title":"Llega Art Nou \/ Primera Visi\u00f3 2015 - ArtBarcelona.","og_description":"Este a\u00f1o, Art Nou llega a la ciudad en pleno verano con exposiciones, recorridos y charlas para acercarte al arte joven en Barcelona. El 2 de julio se llevar\u00e1 a...","og_url":"https:\/\/www.artbarcelona.es\/arriba-art-nou-primera-visio-2015\/","og_site_name":"ArtBarcelona.","article_published_time":"2015-05-22T08:34:26+00:00","article_modified_time":"2015-05-22T08:43:16+00:00","og_image":[{"width":765,"height":895,"url":"https:\/\/www.artbarcelona.es\/wp-content\/uploads\/2015\/05\/Logo-Art-Nou-01.jpg","type":"image\/jpeg"}],"author":"artbcn","twitter_card":"summary_large_image","twitter_misc":{"Escrito por":"artbcn","Tiempo de lectura":"1 minuto"},"schema":{"@context":"https:\/\/schema.org","@graph":[{"@type":"Article","@id":"https:\/\/www.artbarcelona.es\/arriba-art-nou-primera-visio-2015\/#article","isPartOf":{"@id":"https:\/\/www.artbarcelona.es\/arriba-art-nou-primera-visio-2015\/"},"author":{"name":"artbcn","@id":"https:\/\/www.artbarcelona.es\/#\/schema\/person\/c379f777c7a53ecc191a63a3e51b2bad"},"headline":"Llega Art Nou \/ Primera Visi\u00f3 2015","datePublished":"2015-05-22T08:34:26+00:00","dateModified":"2015-05-22T08:43:16+00:00","mainEntityOfPage":{"@id":"https:\/\/www.artbarcelona.es\/arriba-art-nou-primera-visio-2015\/"},"wordCount":115,"commentCount":0,"publisher":{"@id":"https:\/\/www.artbarcelona.es\/#organization"},"image":{"@id":"https:\/\/www.artbarcelona.es\/arriba-art-nou-primera-visio-2015\/#primaryimage"},"thumbnailUrl":"https:\/\/www.artbarcelona.es\/wp-content\/uploads\/2015\/05\/Logo-Art-Nou-01.jpg","articleSection":["General @es"],"inLanguage":"es","potentialAction":[{"@type":"CommentAction","name":"Comment","target":["https:\/\/www.artbarcelona.es\/arriba-art-nou-primera-visio-2015\/#respond"]}]},{"@type":"WebPage","@id":"https:\/\/www.artbarcelona.es\/arriba-art-nou-primera-visio-2015\/","url":"https:\/\/www.artbarcelona.es\/arriba-art-nou-primera-visio-2015\/","name":"Llega Art Nou \/ Primera Visi\u00f3 2015 - ArtBarcelona.","isPartOf":{"@id":"https:\/\/www.artbarcelona.es\/#website"},"primaryImageOfPage":{"@id":"https:\/\/www.artbarcelona.es\/arriba-art-nou-primera-visio-2015\/#primaryimage"},"image":{"@id":"https:\/\/www.artbarcelona.es\/arriba-art-nou-primera-visio-2015\/#primaryimage"},"thumbnailUrl":"https:\/\/www.artbarcelona.es\/wp-content\/uploads\/2015\/05\/Logo-Art-Nou-01.jpg","datePublished":"2015-05-22T08:34:26+00:00","dateModified":"2015-05-22T08:43:16+00:00","breadcrumb":{"@id":"https:\/\/www.artbarcelona.es\/arriba-art-nou-primera-visio-2015\/#breadcrumb"},"inLanguage":"es","potentialAction":[{"@type":"ReadAction","target":["https:\/\/www.artbarcelona.es\/arriba-art-nou-primera-visio-2015\/"]}]},{"@type":"ImageObject","inLanguage":"es","@id":"https:\/\/www.artbarcelona.es\/arriba-art-nou-primera-visio-2015\/#primaryimage","url":"https:\/\/www.artbarcelona.es\/wp-content\/uploads\/2015\/05\/Logo-Art-Nou-01.jpg","contentUrl":"https:\/\/www.artbarcelona.es\/wp-content\/uploads\/2015\/05\/Logo-Art-Nou-01.jpg","width":765,"height":895},{"@type":"BreadcrumbList","@id":"https:\/\/www.artbarcelona.es\/arriba-art-nou-primera-visio-2015\/#breadcrumb","itemListElement":[{"@type":"ListItem","position":1,"name":"Portada","item":"https:\/\/www.artbarcelona.es\/es\/"},{"@type":"ListItem","position":2,"name":"Llega Art Nou \/ Primera Visi\u00f3 2015"}]},{"@type":"WebSite","@id":"https:\/\/www.artbarcelona.es\/#website","url":"https:\/\/www.artbarcelona.es\/","name":"ArtBarcelona.","description":"Altre lloc gestionat amb el WordPress","publisher":{"@id":"https:\/\/www.artbarcelona.es\/#organization"},"potentialAction":[{"@type":"SearchAction","target":{"@type":"EntryPoint","urlTemplate":"https:\/\/www.artbarcelona.es\/?s={search_term_string}"},"query-input":{"@type":"PropertyValueSpecification","valueRequired":true,"valueName":"search_term_string"}}],"inLanguage":"es"},{"@type":"Organization","@id":"https:\/\/www.artbarcelona.es\/#organization","name":"ArtBarcelona.","url":"https:\/\/www.artbarcelona.es\/","logo":{"@type":"ImageObject","inLanguage":"es","@id":"https:\/\/www.artbarcelona.es\/#\/schema\/logo\/image\/","url":"https:\/\/www.artbarcelona.es\/wp-content\/uploads\/2024\/08\/logo-artb.svg","contentUrl":"https:\/\/www.artbarcelona.es\/wp-content\/uploads\/2024\/08\/logo-artb.svg","width":139,"height":51,"caption":"ArtBarcelona."},"image":{"@id":"https:\/\/www.artbarcelona.es\/#\/schema\/logo\/image\/"}},{"@type":"Person","@id":"https:\/\/www.artbarcelona.es\/#\/schema\/person\/c379f777c7a53ecc191a63a3e51b2bad","name":"artbcn","url":"https:\/\/www.artbarcelona.es\/es\/author\/artbcn\/"}]}},"_links":{"self":[{"href":"https:\/\/www.artbarcelona.es\/es\/wp-json\/wp\/v2\/posts\/2239","targetHints":{"allow":["GET"]}}],"collection":[{"href":"https:\/\/www.artbarcelona.es\/es\/wp-json\/wp\/v2\/posts"}],"about":[{"href":"https:\/\/www.artbarcelona.es\/es\/wp-json\/wp\/v2\/types\/post"}],"author":[{"embeddable":true,"href":"https:\/\/www.artbarcelona.es\/es\/wp-json\/wp\/v2\/users\/1"}],"replies":[{"embeddable":true,"href":"https:\/\/www.artbarcelona.es\/es\/wp-json\/wp\/v2\/comments?post=2239"}],"version-history":[{"count":0,"href":"https:\/\/www.artbarcelona.es\/es\/wp-json\/wp\/v2\/posts\/2239\/revisions"}],"wp:featuredmedia":[{"embeddable":true,"href":"https:\/\/www.artbarcelona.es\/es\/wp-json\/wp\/v2\/media\/2241"}],"wp:attachment":[{"href":"https:\/\/www.artbarcelona.es\/es\/wp-json\/wp\/v2\/media?parent=2239"}],"wp:term":[{"taxonomy":"category","embeddable":true,"href":"https:\/\/www.artbarcelona.es\/es\/wp-json\/wp\/v2\/categories?post=2239"},{"taxonomy":"post_tag","embeddable":true,"href":"https:\/\/www.artbarcelona.es\/es\/wp-json\/wp\/v2\/tags?post=2239"}],"curies":[{"name":"wp","href":"https:\/\/api.w.org\/{rel}","templated":true}]}}