{"id":2878,"date":"2015-11-20T14:34:48","date_gmt":"2015-11-20T13:34:48","guid":{"rendered":"http:\/\/www.artbarcelona.es\/?p=2878"},"modified":"2016-01-12T14:16:35","modified_gmt":"2016-01-12T13:16:35","slug":"abierta-la-convocatoria-para-participar-en-el-barcelona-gallery-weekend-2016","status":"publish","type":"post","link":"https:\/\/www.artbarcelona.es\/es\/abierta-la-convocatoria-para-participar-en-el-barcelona-gallery-weekend-2016\/","title":{"rendered":"Abierta la convocatoria para participar en el Barcelona Gallery Weekend 2016"},"content":{"rendered":"<p><strong><a href=\"http:\/\/www.barcelonagalleryweekend.com\/es\/\" target=\"_blank\">Barcelona Gallery Weekend<\/a><\/strong> es un proyecto organizado por Art Barcelona con el apoyo del Ayuntamiento de Barcelona, de la Generalitat de Catalu\u00f1a y del Ayuntamiento de L&#8217;Hospitalet.<\/p>\n<p>La segunda edici\u00f3n tendr\u00e1 lugar <strong>entre el 29 de septiembre y el 2 de octubre del 2016.<\/strong><\/p>\n<p>El proyecto seguir\u00e1 el mismo planteamiento de la primera edici\u00f3n, clausurada con \u00e9xito de p\u00fablico y de resultados, y se plantea tambi\u00e9n como un fin de semana largo \u2013de jueves a domingo\u2013 en el cual se incluir\u00e1n exposiciones en las galer\u00edas que participen a la vez que otras iniciativas culturales, intelectuales y sociales, como por ejemplo conferencias, <em>performances<\/em>, instalaciones de artistas, rutas programadas y visitas comentadas.<\/p>\n<p>En el Barcelona Gallery Weekend participar\u00e1n varias galer\u00edas, que ser\u00e1n seleccionadas seg\u00fan el proyecto art\u00edstico que presenten.<\/p>\n<p>Fecha l\u00edmite de presentaci\u00f3n de proyectos:<strong> 12\u00a0de febrero de 2016<\/strong><br \/>\nComunicaci\u00f3n a las galer\u00edas de los proyectos admitidos: <strong>7\u00a0de marzo\u00a0de 2016<\/strong><\/p>\n<p>&nbsp;<\/p>\n<p><a href=\"http:\/\/www.artbarcelona.es\/wp-content\/uploads\/2016\/01\/Bases-de-participacio-Barcelona-Gallery-Weekend-2016.pdf\" target=\"_blank\">Bases de participacio &#8211; Barcelona Gallery Weekend 2016<\/a><br \/>\n<a href=\"http:\/\/www.artbarcelona.es\/wp-content\/uploads\/2016\/01\/Formulari-dinscripcio-Barcelona-Gallery-Weekend-2016.doc\" target=\"_blank\">Formulari dinscripcio 2016<\/a><\/p>\n","protected":false},"excerpt":{"rendered":"<p>Barcelona Gallery Weekend es un proyecto organizado por Art Barcelona con el apoyo del Ayuntamiento de Barcelona, de la Generalitat de Catalu\u00f1a y del Ayuntamiento de L&#8217;Hospitalet. La segunda edici\u00f3n&#8230;<\/p>\n","protected":false},"author":1,"featured_media":2876,"comment_status":"open","ping_status":"open","sticky":false,"template":"","format":"standard","meta":{"inline_featured_image":false,"footnotes":""},"categories":[3],"tags":[],"class_list":["post-2878","post","type-post","status-publish","format-standard","has-post-thumbnail","hentry","category-general-es"],"yoast_head":"<!-- This site is optimized with the Yoast SEO plugin v27.0 - https:\/\/yoast.com\/product\/yoast-seo-wordpress\/ -->\n<title>Abierta la convocatoria para participar en el Barcelona Gallery Weekend 2016 - ArtBarcelona.<\/title>\n<meta name=\"robots\" content=\"index, follow, max-snippet:-1, max-image-preview:large, max-video-preview:-1\" \/>\n<link rel=\"canonical\" href=\"https:\/\/www.artbarcelona.es\/oberta-la-convocatoria-per-participar-al-barcelona-gallery-weekend-2016\/\" \/>\n<meta property=\"og:locale\" content=\"es_ES\" \/>\n<meta property=\"og:type\" content=\"article\" \/>\n<meta property=\"og:title\" content=\"Abierta la convocatoria para participar en el Barcelona Gallery Weekend 2016 - ArtBarcelona.\" \/>\n<meta property=\"og:description\" content=\"Barcelona Gallery Weekend es un proyecto organizado por Art Barcelona con el apoyo del Ayuntamiento de Barcelona, de la Generalitat de Catalu\u00f1a y del Ayuntamiento de L&#8217;Hospitalet. La segunda edici\u00f3n...\" \/>\n<meta property=\"og:url\" content=\"https:\/\/www.artbarcelona.es\/oberta-la-convocatoria-per-participar-al-barcelona-gallery-weekend-2016\/\" \/>\n<meta property=\"og:site_name\" content=\"ArtBarcelona.\" \/>\n<meta property=\"article:published_time\" content=\"2015-11-20T13:34:48+00:00\" \/>\n<meta property=\"article:modified_time\" content=\"2016-01-12T13:16:35+00:00\" \/>\n<meta property=\"og:image\" content=\"https:\/\/www.artbarcelona.es\/wp-content\/uploads\/2015\/11\/ProjecteSD_1581.jpg\" \/>\n\t<meta property=\"og:image:width\" content=\"1280\" \/>\n\t<meta property=\"og:image:height\" content=\"853\" \/>\n\t<meta property=\"og:image:type\" content=\"image\/jpeg\" \/>\n<meta name=\"author\" content=\"artbcn\" \/>\n<meta name=\"twitter:card\" content=\"summary_large_image\" \/>\n<meta name=\"twitter:label1\" content=\"Escrito por\" \/>\n\t<meta name=\"twitter:data1\" content=\"artbcn\" \/>\n\t<meta name=\"twitter:label2\" content=\"Tiempo de lectura\" \/>\n\t<meta name=\"twitter:data2\" content=\"1 minuto\" \/>\n<script type=\"application\/ld+json\" class=\"yoast-schema-graph\">{\"@context\":\"https:\/\/schema.org\",\"@graph\":[{\"@type\":\"Article\",\"@id\":\"https:\/\/www.artbarcelona.es\/oberta-la-convocatoria-per-participar-al-barcelona-gallery-weekend-2016\/#article\",\"isPartOf\":{\"@id\":\"https:\/\/www.artbarcelona.es\/oberta-la-convocatoria-per-participar-al-barcelona-gallery-weekend-2016\/\"},\"author\":{\"name\":\"artbcn\",\"@id\":\"https:\/\/www.artbarcelona.es\/#\/schema\/person\/c379f777c7a53ecc191a63a3e51b2bad\"},\"headline\":\"Abierta la convocatoria para participar en el Barcelona Gallery Weekend 2016\",\"datePublished\":\"2015-11-20T13:34:48+00:00\",\"dateModified\":\"2016-01-12T13:16:35+00:00\",\"mainEntityOfPage\":{\"@id\":\"https:\/\/www.artbarcelona.es\/oberta-la-convocatoria-per-participar-al-barcelona-gallery-weekend-2016\/\"},\"wordCount\":180,\"commentCount\":0,\"publisher\":{\"@id\":\"https:\/\/www.artbarcelona.es\/#organization\"},\"image\":{\"@id\":\"https:\/\/www.artbarcelona.es\/oberta-la-convocatoria-per-participar-al-barcelona-gallery-weekend-2016\/#primaryimage\"},\"thumbnailUrl\":\"https:\/\/www.artbarcelona.es\/wp-content\/uploads\/2015\/11\/ProjecteSD_1581.jpg\",\"articleSection\":[\"General @es\"],\"inLanguage\":\"es\",\"potentialAction\":[{\"@type\":\"CommentAction\",\"name\":\"Comment\",\"target\":[\"https:\/\/www.artbarcelona.es\/oberta-la-convocatoria-per-participar-al-barcelona-gallery-weekend-2016\/#respond\"]}]},{\"@type\":\"WebPage\",\"@id\":\"https:\/\/www.artbarcelona.es\/oberta-la-convocatoria-per-participar-al-barcelona-gallery-weekend-2016\/\",\"url\":\"https:\/\/www.artbarcelona.es\/oberta-la-convocatoria-per-participar-al-barcelona-gallery-weekend-2016\/\",\"name\":\"Abierta la convocatoria para participar en el Barcelona Gallery Weekend 2016 - ArtBarcelona.\",\"isPartOf\":{\"@id\":\"https:\/\/www.artbarcelona.es\/#website\"},\"primaryImageOfPage\":{\"@id\":\"https:\/\/www.artbarcelona.es\/oberta-la-convocatoria-per-participar-al-barcelona-gallery-weekend-2016\/#primaryimage\"},\"image\":{\"@id\":\"https:\/\/www.artbarcelona.es\/oberta-la-convocatoria-per-participar-al-barcelona-gallery-weekend-2016\/#primaryimage\"},\"thumbnailUrl\":\"https:\/\/www.artbarcelona.es\/wp-content\/uploads\/2015\/11\/ProjecteSD_1581.jpg\",\"datePublished\":\"2015-11-20T13:34:48+00:00\",\"dateModified\":\"2016-01-12T13:16:35+00:00\",\"breadcrumb\":{\"@id\":\"https:\/\/www.artbarcelona.es\/oberta-la-convocatoria-per-participar-al-barcelona-gallery-weekend-2016\/#breadcrumb\"},\"inLanguage\":\"es\",\"potentialAction\":[{\"@type\":\"ReadAction\",\"target\":[\"https:\/\/www.artbarcelona.es\/oberta-la-convocatoria-per-participar-al-barcelona-gallery-weekend-2016\/\"]}]},{\"@type\":\"ImageObject\",\"inLanguage\":\"es\",\"@id\":\"https:\/\/www.artbarcelona.es\/oberta-la-convocatoria-per-participar-al-barcelona-gallery-weekend-2016\/#primaryimage\",\"url\":\"https:\/\/www.artbarcelona.es\/wp-content\/uploads\/2015\/11\/ProjecteSD_1581.jpg\",\"contentUrl\":\"https:\/\/www.artbarcelona.es\/wp-content\/uploads\/2015\/11\/ProjecteSD_1581.jpg\",\"width\":1280,\"height\":853},{\"@type\":\"BreadcrumbList\",\"@id\":\"https:\/\/www.artbarcelona.es\/oberta-la-convocatoria-per-participar-al-barcelona-gallery-weekend-2016\/#breadcrumb\",\"itemListElement\":[{\"@type\":\"ListItem\",\"position\":1,\"name\":\"Portada\",\"item\":\"https:\/\/www.artbarcelona.es\/es\/\"},{\"@type\":\"ListItem\",\"position\":2,\"name\":\"Abierta la convocatoria para participar en el Barcelona Gallery Weekend 2016\"}]},{\"@type\":\"WebSite\",\"@id\":\"https:\/\/www.artbarcelona.es\/#website\",\"url\":\"https:\/\/www.artbarcelona.es\/\",\"name\":\"ArtBarcelona.\",\"description\":\"Altre lloc gestionat amb el WordPress\",\"publisher\":{\"@id\":\"https:\/\/www.artbarcelona.es\/#organization\"},\"potentialAction\":[{\"@type\":\"SearchAction\",\"target\":{\"@type\":\"EntryPoint\",\"urlTemplate\":\"https:\/\/www.artbarcelona.es\/?s={search_term_string}\"},\"query-input\":{\"@type\":\"PropertyValueSpecification\",\"valueRequired\":true,\"valueName\":\"search_term_string\"}}],\"inLanguage\":\"es\"},{\"@type\":\"Organization\",\"@id\":\"https:\/\/www.artbarcelona.es\/#organization\",\"name\":\"ArtBarcelona.\",\"url\":\"https:\/\/www.artbarcelona.es\/\",\"logo\":{\"@type\":\"ImageObject\",\"inLanguage\":\"es\",\"@id\":\"https:\/\/www.artbarcelona.es\/#\/schema\/logo\/image\/\",\"url\":\"https:\/\/www.artbarcelona.es\/wp-content\/uploads\/2024\/08\/logo-artb.svg\",\"contentUrl\":\"https:\/\/www.artbarcelona.es\/wp-content\/uploads\/2024\/08\/logo-artb.svg\",\"width\":139,\"height\":51,\"caption\":\"ArtBarcelona.\"},\"image\":{\"@id\":\"https:\/\/www.artbarcelona.es\/#\/schema\/logo\/image\/\"}},{\"@type\":\"Person\",\"@id\":\"https:\/\/www.artbarcelona.es\/#\/schema\/person\/c379f777c7a53ecc191a63a3e51b2bad\",\"name\":\"artbcn\",\"url\":\"https:\/\/www.artbarcelona.es\/es\/author\/artbcn\/\"}]}<\/script>\n<!-- \/ Yoast SEO plugin. -->","yoast_head_json":{"title":"Abierta la convocatoria para participar en el Barcelona Gallery Weekend 2016 - ArtBarcelona.","robots":{"index":"index","follow":"follow","max-snippet":"max-snippet:-1","max-image-preview":"max-image-preview:large","max-video-preview":"max-video-preview:-1"},"canonical":"https:\/\/www.artbarcelona.es\/oberta-la-convocatoria-per-participar-al-barcelona-gallery-weekend-2016\/","og_locale":"es_ES","og_type":"article","og_title":"Abierta la convocatoria para participar en el Barcelona Gallery Weekend 2016 - ArtBarcelona.","og_description":"Barcelona Gallery Weekend es un proyecto organizado por Art Barcelona con el apoyo del Ayuntamiento de Barcelona, de la Generalitat de Catalu\u00f1a y del Ayuntamiento de L&#8217;Hospitalet. La segunda edici\u00f3n...","og_url":"https:\/\/www.artbarcelona.es\/oberta-la-convocatoria-per-participar-al-barcelona-gallery-weekend-2016\/","og_site_name":"ArtBarcelona.","article_published_time":"2015-11-20T13:34:48+00:00","article_modified_time":"2016-01-12T13:16:35+00:00","og_image":[{"width":1280,"height":853,"url":"https:\/\/www.artbarcelona.es\/wp-content\/uploads\/2015\/11\/ProjecteSD_1581.jpg","type":"image\/jpeg"}],"author":"artbcn","twitter_card":"summary_large_image","twitter_misc":{"Escrito por":"artbcn","Tiempo de lectura":"1 minuto"},"schema":{"@context":"https:\/\/schema.org","@graph":[{"@type":"Article","@id":"https:\/\/www.artbarcelona.es\/oberta-la-convocatoria-per-participar-al-barcelona-gallery-weekend-2016\/#article","isPartOf":{"@id":"https:\/\/www.artbarcelona.es\/oberta-la-convocatoria-per-participar-al-barcelona-gallery-weekend-2016\/"},"author":{"name":"artbcn","@id":"https:\/\/www.artbarcelona.es\/#\/schema\/person\/c379f777c7a53ecc191a63a3e51b2bad"},"headline":"Abierta la convocatoria para participar en el Barcelona Gallery Weekend 2016","datePublished":"2015-11-20T13:34:48+00:00","dateModified":"2016-01-12T13:16:35+00:00","mainEntityOfPage":{"@id":"https:\/\/www.artbarcelona.es\/oberta-la-convocatoria-per-participar-al-barcelona-gallery-weekend-2016\/"},"wordCount":180,"commentCount":0,"publisher":{"@id":"https:\/\/www.artbarcelona.es\/#organization"},"image":{"@id":"https:\/\/www.artbarcelona.es\/oberta-la-convocatoria-per-participar-al-barcelona-gallery-weekend-2016\/#primaryimage"},"thumbnailUrl":"https:\/\/www.artbarcelona.es\/wp-content\/uploads\/2015\/11\/ProjecteSD_1581.jpg","articleSection":["General @es"],"inLanguage":"es","potentialAction":[{"@type":"CommentAction","name":"Comment","target":["https:\/\/www.artbarcelona.es\/oberta-la-convocatoria-per-participar-al-barcelona-gallery-weekend-2016\/#respond"]}]},{"@type":"WebPage","@id":"https:\/\/www.artbarcelona.es\/oberta-la-convocatoria-per-participar-al-barcelona-gallery-weekend-2016\/","url":"https:\/\/www.artbarcelona.es\/oberta-la-convocatoria-per-participar-al-barcelona-gallery-weekend-2016\/","name":"Abierta la convocatoria para participar en el Barcelona Gallery Weekend 2016 - ArtBarcelona.","isPartOf":{"@id":"https:\/\/www.artbarcelona.es\/#website"},"primaryImageOfPage":{"@id":"https:\/\/www.artbarcelona.es\/oberta-la-convocatoria-per-participar-al-barcelona-gallery-weekend-2016\/#primaryimage"},"image":{"@id":"https:\/\/www.artbarcelona.es\/oberta-la-convocatoria-per-participar-al-barcelona-gallery-weekend-2016\/#primaryimage"},"thumbnailUrl":"https:\/\/www.artbarcelona.es\/wp-content\/uploads\/2015\/11\/ProjecteSD_1581.jpg","datePublished":"2015-11-20T13:34:48+00:00","dateModified":"2016-01-12T13:16:35+00:00","breadcrumb":{"@id":"https:\/\/www.artbarcelona.es\/oberta-la-convocatoria-per-participar-al-barcelona-gallery-weekend-2016\/#breadcrumb"},"inLanguage":"es","potentialAction":[{"@type":"ReadAction","target":["https:\/\/www.artbarcelona.es\/oberta-la-convocatoria-per-participar-al-barcelona-gallery-weekend-2016\/"]}]},{"@type":"ImageObject","inLanguage":"es","@id":"https:\/\/www.artbarcelona.es\/oberta-la-convocatoria-per-participar-al-barcelona-gallery-weekend-2016\/#primaryimage","url":"https:\/\/www.artbarcelona.es\/wp-content\/uploads\/2015\/11\/ProjecteSD_1581.jpg","contentUrl":"https:\/\/www.artbarcelona.es\/wp-content\/uploads\/2015\/11\/ProjecteSD_1581.jpg","width":1280,"height":853},{"@type":"BreadcrumbList","@id":"https:\/\/www.artbarcelona.es\/oberta-la-convocatoria-per-participar-al-barcelona-gallery-weekend-2016\/#breadcrumb","itemListElement":[{"@type":"ListItem","position":1,"name":"Portada","item":"https:\/\/www.artbarcelona.es\/es\/"},{"@type":"ListItem","position":2,"name":"Abierta la convocatoria para participar en el Barcelona Gallery Weekend 2016"}]},{"@type":"WebSite","@id":"https:\/\/www.artbarcelona.es\/#website","url":"https:\/\/www.artbarcelona.es\/","name":"ArtBarcelona.","description":"Altre lloc gestionat amb el WordPress","publisher":{"@id":"https:\/\/www.artbarcelona.es\/#organization"},"potentialAction":[{"@type":"SearchAction","target":{"@type":"EntryPoint","urlTemplate":"https:\/\/www.artbarcelona.es\/?s={search_term_string}"},"query-input":{"@type":"PropertyValueSpecification","valueRequired":true,"valueName":"search_term_string"}}],"inLanguage":"es"},{"@type":"Organization","@id":"https:\/\/www.artbarcelona.es\/#organization","name":"ArtBarcelona.","url":"https:\/\/www.artbarcelona.es\/","logo":{"@type":"ImageObject","inLanguage":"es","@id":"https:\/\/www.artbarcelona.es\/#\/schema\/logo\/image\/","url":"https:\/\/www.artbarcelona.es\/wp-content\/uploads\/2024\/08\/logo-artb.svg","contentUrl":"https:\/\/www.artbarcelona.es\/wp-content\/uploads\/2024\/08\/logo-artb.svg","width":139,"height":51,"caption":"ArtBarcelona."},"image":{"@id":"https:\/\/www.artbarcelona.es\/#\/schema\/logo\/image\/"}},{"@type":"Person","@id":"https:\/\/www.artbarcelona.es\/#\/schema\/person\/c379f777c7a53ecc191a63a3e51b2bad","name":"artbcn","url":"https:\/\/www.artbarcelona.es\/es\/author\/artbcn\/"}]}},"_links":{"self":[{"href":"https:\/\/www.artbarcelona.es\/es\/wp-json\/wp\/v2\/posts\/2878","targetHints":{"allow":["GET"]}}],"collection":[{"href":"https:\/\/www.artbarcelona.es\/es\/wp-json\/wp\/v2\/posts"}],"about":[{"href":"https:\/\/www.artbarcelona.es\/es\/wp-json\/wp\/v2\/types\/post"}],"author":[{"embeddable":true,"href":"https:\/\/www.artbarcelona.es\/es\/wp-json\/wp\/v2\/users\/1"}],"replies":[{"embeddable":true,"href":"https:\/\/www.artbarcelona.es\/es\/wp-json\/wp\/v2\/comments?post=2878"}],"version-history":[{"count":0,"href":"https:\/\/www.artbarcelona.es\/es\/wp-json\/wp\/v2\/posts\/2878\/revisions"}],"wp:featuredmedia":[{"embeddable":true,"href":"https:\/\/www.artbarcelona.es\/es\/wp-json\/wp\/v2\/media\/2876"}],"wp:attachment":[{"href":"https:\/\/www.artbarcelona.es\/es\/wp-json\/wp\/v2\/media?parent=2878"}],"wp:term":[{"taxonomy":"category","embeddable":true,"href":"https:\/\/www.artbarcelona.es\/es\/wp-json\/wp\/v2\/categories?post=2878"},{"taxonomy":"post_tag","embeddable":true,"href":"https:\/\/www.artbarcelona.es\/es\/wp-json\/wp\/v2\/tags?post=2878"}],"curies":[{"name":"wp","href":"https:\/\/api.w.org\/{rel}","templated":true}]}}