{"id":3151,"date":"2016-02-11T12:50:49","date_gmt":"2016-02-11T11:50:49","guid":{"rendered":"http:\/\/www.artbarcelona.es\/?p=3151"},"modified":"2016-02-11T13:25:11","modified_gmt":"2016-02-11T12:25:11","slug":"jornada-de-puertas-abiertas-por-santa-eulalia","status":"publish","type":"post","link":"https:\/\/www.artbarcelona.es\/es\/jornada-de-puertas-abiertas-por-santa-eulalia\/","title":{"rendered":"Jornada de puertas abiertas por Santa Eul\u00e0lia"},"content":{"rendered":"<p>Este pr\u00f3ximo fin de semana llegan las\u00a0<a href=\"http:\/\/santaeulalia.bcn.cat\/cas\">fiestas de Santa Eul\u00e0lia<\/a>, la fiesta mayor de invierno de la copatrona de la ciudad. Como \u00a0cada a\u00f1o el programa se construye sobre las fiestas m\u00e1s tradicionales, la de los castellers y las bestias, los gegants y los falcons.<\/p>\n<p>Paralelamente a las actividades m\u00e1s tradicionales,\u00a0durante estos cuatro d\u00edas hay puertas abiertas y actividades en los museos de la ciudad. \u00a1Una ocasi\u00f3n excepcional para visitar exposiciones de arte contempor\u00e1neo! Aqu\u00ed va nuestra selecci\u00f3n de exposiciones gratuitas:<\/p>\n<p>12 de febrero:<\/p>\n<p><strong><a href=\"http:\/\/www.artbarcelona.es\/circuit\/es\/espacio\/caixaforum-barcelona-es\/\">CaixaForum Barcelona<\/a>:<\/strong>\u00a0\u00ab<a href=\"http:\/\/www.artbarcelona.es\/circuit\/es\/exposiciones\/el-peso-de-un-gesto\/\">El peso de un gesto<\/a>\u00bb<\/p>\n<p><strong><a href=\"http:\/\/www.artbarcelona.es\/circuit\/es\/espacio\/cccb-es\/\">CCCB<\/a>:<\/strong>\u00a0\u00ab<a href=\"http:\/\/www.artbarcelona.es\/circuit\/es\/exposiciones\/humanos-el-futuro-de-nuestra-especie\/\">+ Humanos. El futuro de\u00a0nuestra especie<\/a>\u00bb<\/p>\n<p><a href=\"http:\/\/www.artbarcelona.es\/circuit\/es\/espacio\/fundacion-antoni-tapies-es\/\"><strong>Fundaci\u00f3n Antoni T\u00e0pies<\/strong><\/a>:\u00a0Visita comentada a las exposiciones \u00abColecci\u00f3n, 1955-1965 (Obras de Antoni T\u00e0pies)\u00bb\u00a0y\u00a0\u00abDocumentos de acci\u00f3n. Obras de las colecciones Denney y\u00a0Cordier (1947-1965)\u00bb<\/p>\n<p><strong><a href=\"http:\/\/www.artbarcelona.es\/circuit\/es\/espacio\/fundacion-joan-miro-es\/\">Fundaci\u00f3n Joan Mir\u00f3<\/a>:\u00a0\u00a0\u00ab<\/strong><a href=\"http:\/\/www.artbarcelona.es\/circuit\/es\/exposiciones\/cuando-las-lineas-son-tiempo\/\">Cuando las l\u00edneas son tiempo<\/a>:<a href=\"http:\/\/www.artbarcelona.es\/circuit\/es\/exposiciones\/cuando-las-lineas-son-tiempo\/\"> Sofia Hult\u00e9n<\/a>\u00bb\u00a0y\u00a0\u00abCasa Bloc, de Irena Visa\u00bb<\/p>\n<p><a href=\"http:\/\/www.artbarcelona.es\/circuit\/es\/espacio\/macba-es\/\"><strong>MACBA<\/strong><\/a><strong>:<\/strong>\u00a0\u00abMiserachs Barcelona\u00bb y \u00ab<a href=\"http:\/\/www.artbarcelona.es\/circuit\/es\/exposiciones\/especies-de-espacios\/\">Especies de espacios<\/a>\u00bb<\/p>\n<p>13 de febrero:<\/p>\n<p><strong><a href=\"http:\/\/www.artbarcelona.es\/circuit\/es\/espacio\/museu-can-framis-2\/\">Museu Can Framis<\/a>:\u00a0\u00ab<\/strong>El arte de coleccionar.\u00a0Ernesto Vent\u00f3s.\u00a0<em>colecci\u00f3n olor VISUAL\u00bb<\/em><\/p>\n<p>12, 13 y 14 de febrero:<\/p>\n<p><a href=\"http:\/\/www.artbarcelona.es\/circuit\/es\/espacio\/la-capella-es\/\"><strong>La Capella<\/strong><\/a>:\u00a0\u00ab<a href=\"http:\/\/www.artbarcelona.es\/circuit\/es\/exposiciones\/visceral-blue\/\">Visceral Blue<\/a>\u00bb<\/p>\n<p><a href=\"http:\/\/www.artbarcelona.es\/circuit\/es\/espacio\/la-virreina-centre-de-la-imatge-es\/\"><strong>La Virreina Centro de la Imagen<\/strong><\/a>: \u00abCatalu\u00f1a en Venecia. SINGUALARIDAD\u00bb<\/p>\n<p>&nbsp;<\/p>\n<p>&nbsp;<\/p>\n<p>&nbsp;<\/p>\n<p>&nbsp;<\/p>\n<p>&nbsp;<\/p>\n","protected":false},"excerpt":{"rendered":"<p>Este pr\u00f3ximo fin de semana llegan las\u00a0fiestas de Santa Eul\u00e0lia, la fiesta mayor de invierno de la copatrona de la ciudad. Como \u00a0cada a\u00f1o el programa se construye sobre las&#8230;<\/p>\n","protected":false},"author":1,"featured_media":3158,"comment_status":"open","ping_status":"open","sticky":false,"template":"","format":"standard","meta":{"inline_featured_image":false,"footnotes":""},"categories":[3],"tags":[],"class_list":["post-3151","post","type-post","status-publish","format-standard","has-post-thumbnail","hentry","category-general-es"],"yoast_head":"<!-- This site is optimized with the Yoast SEO plugin v27.0 - https:\/\/yoast.com\/product\/yoast-seo-wordpress\/ -->\n<title>Jornada de puertas abiertas por Santa Eul\u00e0lia - ArtBarcelona.<\/title>\n<meta name=\"robots\" content=\"index, follow, max-snippet:-1, max-image-preview:large, max-video-preview:-1\" \/>\n<link rel=\"canonical\" href=\"https:\/\/www.artbarcelona.es\/jornada-de-portes-obertes-per-santa-eulalia\/\" \/>\n<meta property=\"og:locale\" content=\"es_ES\" \/>\n<meta property=\"og:type\" content=\"article\" \/>\n<meta property=\"og:title\" content=\"Jornada de puertas abiertas por Santa Eul\u00e0lia - ArtBarcelona.\" \/>\n<meta property=\"og:description\" content=\"Este pr\u00f3ximo fin de semana llegan las\u00a0fiestas de Santa Eul\u00e0lia, la fiesta mayor de invierno de la copatrona de la ciudad. Como \u00a0cada a\u00f1o el programa se construye sobre las...\" \/>\n<meta property=\"og:url\" content=\"https:\/\/www.artbarcelona.es\/jornada-de-portes-obertes-per-santa-eulalia\/\" \/>\n<meta property=\"og:site_name\" content=\"ArtBarcelona.\" \/>\n<meta property=\"article:published_time\" content=\"2016-02-11T11:50:49+00:00\" \/>\n<meta property=\"article:modified_time\" content=\"2016-02-11T12:25:11+00:00\" \/>\n<meta property=\"og:image\" content=\"https:\/\/www.artbarcelona.es\/wp-content\/uploads\/2016\/02\/Festes-de-Santa-Eulalia-2016-650x500.jpg\" \/>\n\t<meta property=\"og:image:width\" content=\"650\" \/>\n\t<meta property=\"og:image:height\" content=\"500\" \/>\n\t<meta property=\"og:image:type\" content=\"image\/jpeg\" \/>\n<meta name=\"author\" content=\"artbcn\" \/>\n<meta name=\"twitter:card\" content=\"summary_large_image\" \/>\n<meta name=\"twitter:label1\" content=\"Escrito por\" \/>\n\t<meta name=\"twitter:data1\" content=\"artbcn\" \/>\n\t<meta name=\"twitter:label2\" content=\"Tiempo de lectura\" \/>\n\t<meta name=\"twitter:data2\" content=\"1 minuto\" \/>\n<script type=\"application\/ld+json\" class=\"yoast-schema-graph\">{\"@context\":\"https:\/\/schema.org\",\"@graph\":[{\"@type\":\"Article\",\"@id\":\"https:\/\/www.artbarcelona.es\/jornada-de-portes-obertes-per-santa-eulalia\/#article\",\"isPartOf\":{\"@id\":\"https:\/\/www.artbarcelona.es\/jornada-de-portes-obertes-per-santa-eulalia\/\"},\"author\":{\"name\":\"artbcn\",\"@id\":\"https:\/\/www.artbarcelona.es\/#\/schema\/person\/c379f777c7a53ecc191a63a3e51b2bad\"},\"headline\":\"Jornada de puertas abiertas por Santa Eul\u00e0lia\",\"datePublished\":\"2016-02-11T11:50:49+00:00\",\"dateModified\":\"2016-02-11T12:25:11+00:00\",\"mainEntityOfPage\":{\"@id\":\"https:\/\/www.artbarcelona.es\/jornada-de-portes-obertes-per-santa-eulalia\/\"},\"wordCount\":212,\"commentCount\":0,\"publisher\":{\"@id\":\"https:\/\/www.artbarcelona.es\/#organization\"},\"image\":{\"@id\":\"https:\/\/www.artbarcelona.es\/jornada-de-portes-obertes-per-santa-eulalia\/#primaryimage\"},\"thumbnailUrl\":\"https:\/\/www.artbarcelona.es\/wp-content\/uploads\/2016\/02\/Festes-de-Santa-Eulalia-2016-650x500.jpg\",\"articleSection\":[\"General @es\"],\"inLanguage\":\"es\",\"potentialAction\":[{\"@type\":\"CommentAction\",\"name\":\"Comment\",\"target\":[\"https:\/\/www.artbarcelona.es\/jornada-de-portes-obertes-per-santa-eulalia\/#respond\"]}]},{\"@type\":\"WebPage\",\"@id\":\"https:\/\/www.artbarcelona.es\/jornada-de-portes-obertes-per-santa-eulalia\/\",\"url\":\"https:\/\/www.artbarcelona.es\/jornada-de-portes-obertes-per-santa-eulalia\/\",\"name\":\"Jornada de puertas abiertas por Santa Eul\u00e0lia - ArtBarcelona.\",\"isPartOf\":{\"@id\":\"https:\/\/www.artbarcelona.es\/#website\"},\"primaryImageOfPage\":{\"@id\":\"https:\/\/www.artbarcelona.es\/jornada-de-portes-obertes-per-santa-eulalia\/#primaryimage\"},\"image\":{\"@id\":\"https:\/\/www.artbarcelona.es\/jornada-de-portes-obertes-per-santa-eulalia\/#primaryimage\"},\"thumbnailUrl\":\"https:\/\/www.artbarcelona.es\/wp-content\/uploads\/2016\/02\/Festes-de-Santa-Eulalia-2016-650x500.jpg\",\"datePublished\":\"2016-02-11T11:50:49+00:00\",\"dateModified\":\"2016-02-11T12:25:11+00:00\",\"breadcrumb\":{\"@id\":\"https:\/\/www.artbarcelona.es\/jornada-de-portes-obertes-per-santa-eulalia\/#breadcrumb\"},\"inLanguage\":\"es\",\"potentialAction\":[{\"@type\":\"ReadAction\",\"target\":[\"https:\/\/www.artbarcelona.es\/jornada-de-portes-obertes-per-santa-eulalia\/\"]}]},{\"@type\":\"ImageObject\",\"inLanguage\":\"es\",\"@id\":\"https:\/\/www.artbarcelona.es\/jornada-de-portes-obertes-per-santa-eulalia\/#primaryimage\",\"url\":\"https:\/\/www.artbarcelona.es\/wp-content\/uploads\/2016\/02\/Festes-de-Santa-Eulalia-2016-650x500.jpg\",\"contentUrl\":\"https:\/\/www.artbarcelona.es\/wp-content\/uploads\/2016\/02\/Festes-de-Santa-Eulalia-2016-650x500.jpg\",\"width\":650,\"height\":500},{\"@type\":\"BreadcrumbList\",\"@id\":\"https:\/\/www.artbarcelona.es\/jornada-de-portes-obertes-per-santa-eulalia\/#breadcrumb\",\"itemListElement\":[{\"@type\":\"ListItem\",\"position\":1,\"name\":\"Portada\",\"item\":\"https:\/\/www.artbarcelona.es\/es\/\"},{\"@type\":\"ListItem\",\"position\":2,\"name\":\"Jornada de puertas abiertas por Santa Eul\u00e0lia\"}]},{\"@type\":\"WebSite\",\"@id\":\"https:\/\/www.artbarcelona.es\/#website\",\"url\":\"https:\/\/www.artbarcelona.es\/\",\"name\":\"ArtBarcelona.\",\"description\":\"Altre lloc gestionat amb el WordPress\",\"publisher\":{\"@id\":\"https:\/\/www.artbarcelona.es\/#organization\"},\"potentialAction\":[{\"@type\":\"SearchAction\",\"target\":{\"@type\":\"EntryPoint\",\"urlTemplate\":\"https:\/\/www.artbarcelona.es\/?s={search_term_string}\"},\"query-input\":{\"@type\":\"PropertyValueSpecification\",\"valueRequired\":true,\"valueName\":\"search_term_string\"}}],\"inLanguage\":\"es\"},{\"@type\":\"Organization\",\"@id\":\"https:\/\/www.artbarcelona.es\/#organization\",\"name\":\"ArtBarcelona.\",\"url\":\"https:\/\/www.artbarcelona.es\/\",\"logo\":{\"@type\":\"ImageObject\",\"inLanguage\":\"es\",\"@id\":\"https:\/\/www.artbarcelona.es\/#\/schema\/logo\/image\/\",\"url\":\"https:\/\/www.artbarcelona.es\/wp-content\/uploads\/2024\/08\/logo-artb.svg\",\"contentUrl\":\"https:\/\/www.artbarcelona.es\/wp-content\/uploads\/2024\/08\/logo-artb.svg\",\"width\":139,\"height\":51,\"caption\":\"ArtBarcelona.\"},\"image\":{\"@id\":\"https:\/\/www.artbarcelona.es\/#\/schema\/logo\/image\/\"}},{\"@type\":\"Person\",\"@id\":\"https:\/\/www.artbarcelona.es\/#\/schema\/person\/c379f777c7a53ecc191a63a3e51b2bad\",\"name\":\"artbcn\",\"url\":\"https:\/\/www.artbarcelona.es\/es\/author\/artbcn\/\"}]}<\/script>\n<!-- \/ Yoast SEO plugin. -->","yoast_head_json":{"title":"Jornada de puertas abiertas por Santa Eul\u00e0lia - ArtBarcelona.","robots":{"index":"index","follow":"follow","max-snippet":"max-snippet:-1","max-image-preview":"max-image-preview:large","max-video-preview":"max-video-preview:-1"},"canonical":"https:\/\/www.artbarcelona.es\/jornada-de-portes-obertes-per-santa-eulalia\/","og_locale":"es_ES","og_type":"article","og_title":"Jornada de puertas abiertas por Santa Eul\u00e0lia - ArtBarcelona.","og_description":"Este pr\u00f3ximo fin de semana llegan las\u00a0fiestas de Santa Eul\u00e0lia, la fiesta mayor de invierno de la copatrona de la ciudad. Como \u00a0cada a\u00f1o el programa se construye sobre las...","og_url":"https:\/\/www.artbarcelona.es\/jornada-de-portes-obertes-per-santa-eulalia\/","og_site_name":"ArtBarcelona.","article_published_time":"2016-02-11T11:50:49+00:00","article_modified_time":"2016-02-11T12:25:11+00:00","og_image":[{"width":650,"height":500,"url":"https:\/\/www.artbarcelona.es\/wp-content\/uploads\/2016\/02\/Festes-de-Santa-Eulalia-2016-650x500.jpg","type":"image\/jpeg"}],"author":"artbcn","twitter_card":"summary_large_image","twitter_misc":{"Escrito por":"artbcn","Tiempo de lectura":"1 minuto"},"schema":{"@context":"https:\/\/schema.org","@graph":[{"@type":"Article","@id":"https:\/\/www.artbarcelona.es\/jornada-de-portes-obertes-per-santa-eulalia\/#article","isPartOf":{"@id":"https:\/\/www.artbarcelona.es\/jornada-de-portes-obertes-per-santa-eulalia\/"},"author":{"name":"artbcn","@id":"https:\/\/www.artbarcelona.es\/#\/schema\/person\/c379f777c7a53ecc191a63a3e51b2bad"},"headline":"Jornada de puertas abiertas por Santa Eul\u00e0lia","datePublished":"2016-02-11T11:50:49+00:00","dateModified":"2016-02-11T12:25:11+00:00","mainEntityOfPage":{"@id":"https:\/\/www.artbarcelona.es\/jornada-de-portes-obertes-per-santa-eulalia\/"},"wordCount":212,"commentCount":0,"publisher":{"@id":"https:\/\/www.artbarcelona.es\/#organization"},"image":{"@id":"https:\/\/www.artbarcelona.es\/jornada-de-portes-obertes-per-santa-eulalia\/#primaryimage"},"thumbnailUrl":"https:\/\/www.artbarcelona.es\/wp-content\/uploads\/2016\/02\/Festes-de-Santa-Eulalia-2016-650x500.jpg","articleSection":["General @es"],"inLanguage":"es","potentialAction":[{"@type":"CommentAction","name":"Comment","target":["https:\/\/www.artbarcelona.es\/jornada-de-portes-obertes-per-santa-eulalia\/#respond"]}]},{"@type":"WebPage","@id":"https:\/\/www.artbarcelona.es\/jornada-de-portes-obertes-per-santa-eulalia\/","url":"https:\/\/www.artbarcelona.es\/jornada-de-portes-obertes-per-santa-eulalia\/","name":"Jornada de puertas abiertas por Santa Eul\u00e0lia - ArtBarcelona.","isPartOf":{"@id":"https:\/\/www.artbarcelona.es\/#website"},"primaryImageOfPage":{"@id":"https:\/\/www.artbarcelona.es\/jornada-de-portes-obertes-per-santa-eulalia\/#primaryimage"},"image":{"@id":"https:\/\/www.artbarcelona.es\/jornada-de-portes-obertes-per-santa-eulalia\/#primaryimage"},"thumbnailUrl":"https:\/\/www.artbarcelona.es\/wp-content\/uploads\/2016\/02\/Festes-de-Santa-Eulalia-2016-650x500.jpg","datePublished":"2016-02-11T11:50:49+00:00","dateModified":"2016-02-11T12:25:11+00:00","breadcrumb":{"@id":"https:\/\/www.artbarcelona.es\/jornada-de-portes-obertes-per-santa-eulalia\/#breadcrumb"},"inLanguage":"es","potentialAction":[{"@type":"ReadAction","target":["https:\/\/www.artbarcelona.es\/jornada-de-portes-obertes-per-santa-eulalia\/"]}]},{"@type":"ImageObject","inLanguage":"es","@id":"https:\/\/www.artbarcelona.es\/jornada-de-portes-obertes-per-santa-eulalia\/#primaryimage","url":"https:\/\/www.artbarcelona.es\/wp-content\/uploads\/2016\/02\/Festes-de-Santa-Eulalia-2016-650x500.jpg","contentUrl":"https:\/\/www.artbarcelona.es\/wp-content\/uploads\/2016\/02\/Festes-de-Santa-Eulalia-2016-650x500.jpg","width":650,"height":500},{"@type":"BreadcrumbList","@id":"https:\/\/www.artbarcelona.es\/jornada-de-portes-obertes-per-santa-eulalia\/#breadcrumb","itemListElement":[{"@type":"ListItem","position":1,"name":"Portada","item":"https:\/\/www.artbarcelona.es\/es\/"},{"@type":"ListItem","position":2,"name":"Jornada de puertas abiertas por Santa Eul\u00e0lia"}]},{"@type":"WebSite","@id":"https:\/\/www.artbarcelona.es\/#website","url":"https:\/\/www.artbarcelona.es\/","name":"ArtBarcelona.","description":"Altre lloc gestionat amb el WordPress","publisher":{"@id":"https:\/\/www.artbarcelona.es\/#organization"},"potentialAction":[{"@type":"SearchAction","target":{"@type":"EntryPoint","urlTemplate":"https:\/\/www.artbarcelona.es\/?s={search_term_string}"},"query-input":{"@type":"PropertyValueSpecification","valueRequired":true,"valueName":"search_term_string"}}],"inLanguage":"es"},{"@type":"Organization","@id":"https:\/\/www.artbarcelona.es\/#organization","name":"ArtBarcelona.","url":"https:\/\/www.artbarcelona.es\/","logo":{"@type":"ImageObject","inLanguage":"es","@id":"https:\/\/www.artbarcelona.es\/#\/schema\/logo\/image\/","url":"https:\/\/www.artbarcelona.es\/wp-content\/uploads\/2024\/08\/logo-artb.svg","contentUrl":"https:\/\/www.artbarcelona.es\/wp-content\/uploads\/2024\/08\/logo-artb.svg","width":139,"height":51,"caption":"ArtBarcelona."},"image":{"@id":"https:\/\/www.artbarcelona.es\/#\/schema\/logo\/image\/"}},{"@type":"Person","@id":"https:\/\/www.artbarcelona.es\/#\/schema\/person\/c379f777c7a53ecc191a63a3e51b2bad","name":"artbcn","url":"https:\/\/www.artbarcelona.es\/es\/author\/artbcn\/"}]}},"_links":{"self":[{"href":"https:\/\/www.artbarcelona.es\/es\/wp-json\/wp\/v2\/posts\/3151","targetHints":{"allow":["GET"]}}],"collection":[{"href":"https:\/\/www.artbarcelona.es\/es\/wp-json\/wp\/v2\/posts"}],"about":[{"href":"https:\/\/www.artbarcelona.es\/es\/wp-json\/wp\/v2\/types\/post"}],"author":[{"embeddable":true,"href":"https:\/\/www.artbarcelona.es\/es\/wp-json\/wp\/v2\/users\/1"}],"replies":[{"embeddable":true,"href":"https:\/\/www.artbarcelona.es\/es\/wp-json\/wp\/v2\/comments?post=3151"}],"version-history":[{"count":0,"href":"https:\/\/www.artbarcelona.es\/es\/wp-json\/wp\/v2\/posts\/3151\/revisions"}],"wp:featuredmedia":[{"embeddable":true,"href":"https:\/\/www.artbarcelona.es\/es\/wp-json\/wp\/v2\/media\/3158"}],"wp:attachment":[{"href":"https:\/\/www.artbarcelona.es\/es\/wp-json\/wp\/v2\/media?parent=3151"}],"wp:term":[{"taxonomy":"category","embeddable":true,"href":"https:\/\/www.artbarcelona.es\/es\/wp-json\/wp\/v2\/categories?post=3151"},{"taxonomy":"post_tag","embeddable":true,"href":"https:\/\/www.artbarcelona.es\/es\/wp-json\/wp\/v2\/tags?post=3151"}],"curies":[{"name":"wp","href":"https:\/\/api.w.org\/{rel}","templated":true}]}}