{"id":3199,"date":"2016-02-22T13:29:35","date_gmt":"2016-02-22T12:29:35","guid":{"rendered":"http:\/\/www.artbarcelona.es\/?p=3199"},"modified":"2016-02-23T11:47:19","modified_gmt":"2016-02-23T10:47:19","slug":"art-barcelona-en-la-semana-del-arte-de-madrid","status":"publish","type":"post","link":"https:\/\/www.artbarcelona.es\/es\/art-barcelona-en-la-semana-del-arte-de-madrid\/","title":{"rendered":"Art Barcelona en la Semana del Arte de Madrid"},"content":{"rendered":"<p>Arranca la semana del arte, y las galer\u00edas de\u00a0Art Barcelona viajan\u00a0a Madrid para la gran cita.<\/p>\n<p><strong>ARCOmadrid<\/strong> cumple\u00a035 a\u00f1os como lugar de encuentro, espacio de discurso y motor del mercado\u00a0del arte espa\u00f1ol.\u00a0<strong>ART MADRID<\/strong> y <strong>JUST MAD <\/strong>se reafirman\u00a0como interesantes alternativas que enriquecen la oferta para coleccionistas y visitantes. Y una nueva feria, <strong>DRAWING ROOM<\/strong>, reivindica\u00a0un sitio propio para el dibujo contempor\u00e1neo.<\/p>\n<p>Madrid vibra\u00a0del 24 al 28 de febrero, y all\u00ed estar\u00e1n nuestras galer\u00edas:<\/p>\n<p>&nbsp;<\/p>\n<h3><strong><a href=\"http:\/\/www.ifema.es\/arcomadrid_01\/\" target=\"_blank\">ARCOmadrid<\/a>\u00a0<\/strong><\/h3>\n<h3><\/h3>\n<p style=\"padding-left: 60px;\"><strong>ADN Galeria <\/strong>(9F12)\u00a0Carlos Aires \u00b7\u00a0Iv\u00e1n Argote \u00b7\u00a0Mounir Fatmi \u00b7\u00a0N\u00faria G\u00fcell \u00b7\u00a0Kendell Geers \u00b7\u00a0Adrian Melis \u00b7\u00a0Eugenio Merino \u00b7\u00a0Carlos Pazos \u00b7\u00a0Avelino Sala<\/p>\n<p style=\"padding-left: 60px;\"><strong>\u00e0ngels barcelona <\/strong>(9D06)\u00a0Pep Agut \u00b7\u00a0L\u00faa Coderch \u00b7\u00a0Harun Farocki\u00a0\u00b7\u00a0Esther Ferrer \u00b7\u00a0Joan Fontcuberta \u00b7\u00a0Peter Gallo \u00b7\u00a0Jeanno Gaussi \u00b7\u00a0IM Heung-soon \u00b7\u00a0Jaime Pitarch \u00b7\u00a0\u00a0Jorge Ribalta \u00b7\u00a0Mireia Sallar\u00e8s<\/p>\n<p style=\"padding-left: 60px;\"><strong>Carles Tach\u00e9 <\/strong>(7G11)\u00a0Michael Joo \u00b7\u00a0Cornelia Parker \u00b7\u00a0Javier P\u00e9rez \u00b7\u00a0Sean Scully \u00b7\u00a0Bosco Sodi \u00b7\u00a0Keith Tyson<\/p>\n<p style=\"padding-left: 60px;\"><strong>Galeria Estrany &#8211; de la Mota<\/strong> (9F09)\u00a0Ignasi Aball\u00ed \u00b7\u00a0Mart\u00ed Anson \u00b7\u00a0Bestu\u00e9\/Vives \u00b7\u00a0Patricia Esquivias \u00b7\u00a0Jos\u00e9 Antonio Hern\u00e1ndez-D\u00edez \u00b7\u00a0Marc Larr\u00e9 \u00b7\u00a0Jonathan Mill\u00e1n \u00b7\u00a0Rasmus Nilausen \u00b7\u00a0Francesc Ruiz<\/p>\n<p style=\"padding-left: 60px;\"><strong>Galeria Joan Prats <\/strong>(9C11)\u00a0Erick Beltr\u00e1n \u00b7\u00a0Fernando Bryce \u00b7\u00a0Hannah Collins \u00b7\u00a0Hern\u00e1ndez Pijuan \u00b7\u00a0Annika Kahrs \u00b7\u00a0Alicia Kopf \u00b7\u00a0Lola Lasurt \u00b7\u00a0Fabian Marcaccio \u00b7\u00a0Muntadas \u00b7\u00a0Javier Pe\u00f1afiel \u00b7\u00a0Perejaume \u00b7\u00a0Caio Reisewitz \u00b7\u00a0Juan Usl\u00e9<\/p>\n<p style=\"padding-left: 60px;\"><strong>Galeria Marlborough <\/strong>(7G15) Alfonso Albacete \u00b7\u00a0Juan Jos\u00e9 Aquerreta \u00b7\u00a0Avigdor Arikha \u00b7\u00a0Pablo Armesto \u00b7\u00a0Frank Auerbach \u00b7\u00a0Roberto Barni \u00b7\u00a0Joaqu\u00edn Bar\u00f3n \u00b7\u00a0Claudio Bravo \u00b7\u00a0Mart\u00edn Chirino \u00b7\u00a0Rafael Cidoncha \u00b7\u00a0Antoni Clav\u00e9 \u00b7\u00a0Alberto Coraz\u00f3n \u00b7\u00a0Juan Correa \u00b7\u00a0Xavier Escrib\u00e0 \u00b7\u00a0Richard Estes \u00b7\u00a0Hugo Fontela \u00b7\u00a0Carlos Franco \u00b7\u00a0Manuel Franquelo \u00b7\u00a0Juan Genov\u00e9s \u00b7\u00a0Luis Gordillo \u00b7\u00a0Ahmet G\u00fcnestekin \u00b7 Abraham Lacalle \u00b7\u00a0Francisco Leiro \u00b7\u00a0Jacques Lipchitz \u00b7\u00a0Antonio L\u00f3pez Garc\u00eda \u00b7\u00a0Blanca Mu\u00f1oz \u00b7\u00a0Lucio Mu\u00f1oz \u00b7\u00a0Juan Navarro Baldeweg \u00b7\u00a0Pelayo Ortega \u00b7\u00a0Tom Otterness \u00b7\u00a0Paula Rego \u00b7\u00a0David Rodr\u00edguez Caballero \u00b7\u00a0Sergio Sanz \u00b7\u00a0Manolo Vald\u00e9s \u00b7\u00a0Tadanori Yamaguchi<\/p>\n<p style=\"padding-left: 60px;\"><strong>Miguel Marcos <\/strong>(7F04)\u00a0Soler Arpa \u00b7\u00a0Michael Biberstein \u00b7\u00a0Herbert Brandl \u00b7\u00a0Joan Brossa \u00b7\u00a0Alan Charlton \u00b7\u00a0Dennis Hollingsworth \u00b7\u00a0Lin Mo \u00b7\u00a0Crist\u00f3bal Ortega \u00b7\u00a0Li Qiang \u00b7\u00a0R\u00f3mulo Royo \u00b7\u00a0David Tremlett \u00b7\u00a0Manuel Valencia<\/p>\n<p style=\"padding-left: 60px;\"><strong>NoguerasBlanchard\u00a0<\/strong>\u00a0(9B11) Perejaume \u00b7\u00a0Francesco Arena \u00b7\u00a0Rafel G. Bianchi \u00b7\u00a0Alain Biltereyst \u00b7\u00a0Michiel Ceulers \u00b7\u00a0Anne-Lise Coste \u00b7\u00a0Leandro Erlich \u00b7\u00a0Rub\u00e9n Grilo \u00b7\u00a0Marine Hugonnier \u00b7\u00a0Juan L\u00f3pez \u00b7\u00a0Wilfredo Prieto \u00b7\u00a0Ignacio Uriarte<\/p>\n<p style=\"padding-left: 60px;\"><strong>Pol\u00edgrafa Obra Gr\u00e0fica<\/strong>\u00a0(9E05) Ignasi Aball\u00ed \u00b7\u00a0Carlos Cruz-Diez \u00b7\u00a0\u00a0Jacob Kassay \u00b7 \u00a0Peter Halley \u00b7 \u00a0Jonathan Monk \u00b7\u00a0Jaume Plensa \u00b7\u00a0Jordi Alcaraz \u00b7\u00a0Riera i Arag\u00f3 \u00b7\u00a0Su Xiaobai \u00b7\u00a0Antoni T\u00e0pies \u00b7\u00a0Waltercio Caldas<\/p>\n<p style=\"padding-left: 60px;\"><strong>ProjecteSD <\/strong>(9D09)\u00a0I\u00f1aki Bonillas \u00b7\u00a0Patricia Dauder \u00b7\u00a0Hans Peter-Feldmann \u00b7\u00a0Dora Garc\u00eda \u00b7\u00a0Jochen Lempert \u00b7\u00a0Asier Mendizabal \u00b7\u00a0Matt Mullican \u00b7\u00a0Xavier Ribas \u00b7\u00a0Pieter Vermeersch<\/p>\n<p style=\"padding-left: 60px;\"><strong>Galeria Senda <\/strong>(9F08)\u00a0Jordi Bernad\u00f3 \u00b7\u00a0Mart\u00edn Chirino \u00b7\u00a0James Clar \u00b7\u00a0Peter Halley \u00b7\u00a0Yago Hortal \u00b7\u00a0Ola Kolehmainen \u00b7\u00a0Glenda Le\u00f3n \u00b7\u00a0Anna Malagrida \u00b7\u00a0Isabel Rocamora<\/p>\n<p style=\"padding-left: 60px;\"><strong>etHALL<\/strong>\u00a0(9OC07) June Crespo \u00b7\u00a0Inken Reinert<\/p>\n<hr \/>\n<h3><strong><a href=\"http:\/\/www.art-madrid.com\/\" target=\"_blank\">ART MADRID<\/a>\u00a0<\/strong><\/h3>\n<h3><\/h3>\n<p style=\"padding-left: 60px;\"><strong>\u00a0<\/strong><strong>3 Punts <\/strong>(A2)\u00a0Javier Aguilera \u00b7\u00a0Gerard Mas \u00b7\u00a0Alejandro Monge \u00b7\u00a0Perishable Rush \u00b7\u00a0Samuel Salcedo \u00b7\u00a0Jan Sch\u00fcler \u00b7\u00a0Ramon Surinyac<\/p>\n<p style=\"padding-left: 60px;\"><strong>Galeria Balaguer<\/strong>\u00a0Alejandra Atar\u00e9s \u00b7\u00a0Marta Costa<\/p>\n<p style=\"padding-left: 60px;\"><strong>Galeria Trama<\/strong>\u00a0(B2) Adri\u00e1n Espin\u00f3s \u00b7\u00a0Angel M. Charris \u00b7\u00a0Di+La group \u00b7\u00a0Gonzalo Sicre \u00b7\u00a0Javier V\u00e1zquez<\/p>\n<hr \/>\n<h3><\/h3>\n<p><a href=\"http:\/\/justmad.es\/\" target=\"_blank\"><strong>JUST MAD<\/strong><\/a><\/p>\n<h3><\/h3>\n<p style=\"padding-left: 60px;\"><strong>N2 Galeria<\/strong>\u00a0(3.17) Mario Soria \u00b7\u00a0Jafet Blanch \u00b7\u00a0Alberto Agull\u00f3<\/p>\n<p style=\"padding-left: 60px;\"><strong>Galeria\u00a0Silvestre\u00a0<\/strong>(3.4)<\/p>\n<hr \/>\n<h3><\/h3>\n<p><strong><a href=\"http:\/\/drawingroom.es\/\" target=\"_blank\">DRAWING ROOM<\/a>\u00a0<\/strong><\/p>\n<h3><\/h3>\n<p class=\"vc_custom_heading\" style=\"padding-left: 60px;\"><strong>Galeria Sicart<\/strong>\u00a0(3) Gonzalo Elvira \u00b7\u00a0Ruth Mor\u00e1n<\/p>\n<p style=\"padding-left: 60px;\"><strong>ADN Galeria<\/strong>\u00a0(1) Abdelkader B<\/p>\n","protected":false},"excerpt":{"rendered":"<p>Arranca la semana del arte, y las galer\u00edas de\u00a0Art Barcelona viajan\u00a0a Madrid para la gran cita. ARCOmadrid cumple\u00a035 a\u00f1os como lugar de encuentro, espacio de discurso y motor del mercado\u00a0del&#8230;<\/p>\n","protected":false},"author":1,"featured_media":3194,"comment_status":"open","ping_status":"open","sticky":false,"template":"","format":"standard","meta":{"inline_featured_image":false,"footnotes":""},"categories":[3],"tags":[],"class_list":["post-3199","post","type-post","status-publish","format-standard","has-post-thumbnail","hentry","category-general-es"],"yoast_head":"<!-- This site is optimized with the Yoast SEO plugin v27.0 - https:\/\/yoast.com\/product\/yoast-seo-wordpress\/ -->\n<title>Art Barcelona en la Semana del Arte de Madrid - ArtBarcelona.<\/title>\n<meta name=\"robots\" content=\"index, follow, max-snippet:-1, max-image-preview:large, max-video-preview:-1\" \/>\n<link rel=\"canonical\" href=\"https:\/\/www.artbarcelona.es\/art-barcelona-a-la-setmana-de-lart-de-madrid\/\" \/>\n<meta property=\"og:locale\" content=\"es_ES\" \/>\n<meta property=\"og:type\" content=\"article\" \/>\n<meta property=\"og:title\" content=\"Art Barcelona en la Semana del Arte de Madrid - ArtBarcelona.\" \/>\n<meta property=\"og:description\" content=\"Arranca la semana del arte, y las galer\u00edas de\u00a0Art Barcelona viajan\u00a0a Madrid para la gran cita. ARCOmadrid cumple\u00a035 a\u00f1os como lugar de encuentro, espacio de discurso y motor del mercado\u00a0del...\" \/>\n<meta property=\"og:url\" content=\"https:\/\/www.artbarcelona.es\/art-barcelona-a-la-setmana-de-lart-de-madrid\/\" \/>\n<meta property=\"og:site_name\" content=\"ArtBarcelona.\" \/>\n<meta property=\"article:published_time\" content=\"2016-02-22T12:29:35+00:00\" \/>\n<meta property=\"article:modified_time\" content=\"2016-02-23T10:47:19+00:00\" \/>\n<meta property=\"og:image\" content=\"https:\/\/www.artbarcelona.es\/wp-content\/uploads\/2016\/02\/18316_765098243545034_5836044835726519827_n.jpg\" \/>\n\t<meta property=\"og:image:width\" content=\"960\" \/>\n\t<meta property=\"og:image:height\" content=\"720\" \/>\n\t<meta property=\"og:image:type\" content=\"image\/jpeg\" \/>\n<meta name=\"author\" content=\"artbcn\" \/>\n<meta name=\"twitter:card\" content=\"summary_large_image\" \/>\n<meta name=\"twitter:label1\" content=\"Escrito por\" \/>\n\t<meta name=\"twitter:data1\" content=\"artbcn\" \/>\n\t<meta name=\"twitter:label2\" content=\"Tiempo de lectura\" \/>\n\t<meta name=\"twitter:data2\" content=\"3 minutos\" \/>\n<script type=\"application\/ld+json\" class=\"yoast-schema-graph\">{\"@context\":\"https:\/\/schema.org\",\"@graph\":[{\"@type\":\"Article\",\"@id\":\"https:\/\/www.artbarcelona.es\/art-barcelona-a-la-setmana-de-lart-de-madrid\/#article\",\"isPartOf\":{\"@id\":\"https:\/\/www.artbarcelona.es\/art-barcelona-a-la-setmana-de-lart-de-madrid\/\"},\"author\":{\"name\":\"artbcn\",\"@id\":\"https:\/\/www.artbarcelona.es\/#\/schema\/person\/c379f777c7a53ecc191a63a3e51b2bad\"},\"headline\":\"Art Barcelona en la Semana del Arte de Madrid\",\"datePublished\":\"2016-02-22T12:29:35+00:00\",\"dateModified\":\"2016-02-23T10:47:19+00:00\",\"mainEntityOfPage\":{\"@id\":\"https:\/\/www.artbarcelona.es\/art-barcelona-a-la-setmana-de-lart-de-madrid\/\"},\"wordCount\":518,\"commentCount\":0,\"publisher\":{\"@id\":\"https:\/\/www.artbarcelona.es\/#organization\"},\"image\":{\"@id\":\"https:\/\/www.artbarcelona.es\/art-barcelona-a-la-setmana-de-lart-de-madrid\/#primaryimage\"},\"thumbnailUrl\":\"https:\/\/www.artbarcelona.es\/wp-content\/uploads\/2016\/02\/18316_765098243545034_5836044835726519827_n.jpg\",\"articleSection\":[\"General @es\"],\"inLanguage\":\"es\",\"potentialAction\":[{\"@type\":\"CommentAction\",\"name\":\"Comment\",\"target\":[\"https:\/\/www.artbarcelona.es\/art-barcelona-a-la-setmana-de-lart-de-madrid\/#respond\"]}]},{\"@type\":\"WebPage\",\"@id\":\"https:\/\/www.artbarcelona.es\/art-barcelona-a-la-setmana-de-lart-de-madrid\/\",\"url\":\"https:\/\/www.artbarcelona.es\/art-barcelona-a-la-setmana-de-lart-de-madrid\/\",\"name\":\"Art Barcelona en la Semana del Arte de Madrid - ArtBarcelona.\",\"isPartOf\":{\"@id\":\"https:\/\/www.artbarcelona.es\/#website\"},\"primaryImageOfPage\":{\"@id\":\"https:\/\/www.artbarcelona.es\/art-barcelona-a-la-setmana-de-lart-de-madrid\/#primaryimage\"},\"image\":{\"@id\":\"https:\/\/www.artbarcelona.es\/art-barcelona-a-la-setmana-de-lart-de-madrid\/#primaryimage\"},\"thumbnailUrl\":\"https:\/\/www.artbarcelona.es\/wp-content\/uploads\/2016\/02\/18316_765098243545034_5836044835726519827_n.jpg\",\"datePublished\":\"2016-02-22T12:29:35+00:00\",\"dateModified\":\"2016-02-23T10:47:19+00:00\",\"breadcrumb\":{\"@id\":\"https:\/\/www.artbarcelona.es\/art-barcelona-a-la-setmana-de-lart-de-madrid\/#breadcrumb\"},\"inLanguage\":\"es\",\"potentialAction\":[{\"@type\":\"ReadAction\",\"target\":[\"https:\/\/www.artbarcelona.es\/art-barcelona-a-la-setmana-de-lart-de-madrid\/\"]}]},{\"@type\":\"ImageObject\",\"inLanguage\":\"es\",\"@id\":\"https:\/\/www.artbarcelona.es\/art-barcelona-a-la-setmana-de-lart-de-madrid\/#primaryimage\",\"url\":\"https:\/\/www.artbarcelona.es\/wp-content\/uploads\/2016\/02\/18316_765098243545034_5836044835726519827_n.jpg\",\"contentUrl\":\"https:\/\/www.artbarcelona.es\/wp-content\/uploads\/2016\/02\/18316_765098243545034_5836044835726519827_n.jpg\",\"width\":960,\"height\":720},{\"@type\":\"BreadcrumbList\",\"@id\":\"https:\/\/www.artbarcelona.es\/art-barcelona-a-la-setmana-de-lart-de-madrid\/#breadcrumb\",\"itemListElement\":[{\"@type\":\"ListItem\",\"position\":1,\"name\":\"Portada\",\"item\":\"https:\/\/www.artbarcelona.es\/es\/\"},{\"@type\":\"ListItem\",\"position\":2,\"name\":\"Art Barcelona en la Semana del Arte de Madrid\"}]},{\"@type\":\"WebSite\",\"@id\":\"https:\/\/www.artbarcelona.es\/#website\",\"url\":\"https:\/\/www.artbarcelona.es\/\",\"name\":\"ArtBarcelona.\",\"description\":\"Altre lloc gestionat amb el WordPress\",\"publisher\":{\"@id\":\"https:\/\/www.artbarcelona.es\/#organization\"},\"potentialAction\":[{\"@type\":\"SearchAction\",\"target\":{\"@type\":\"EntryPoint\",\"urlTemplate\":\"https:\/\/www.artbarcelona.es\/?s={search_term_string}\"},\"query-input\":{\"@type\":\"PropertyValueSpecification\",\"valueRequired\":true,\"valueName\":\"search_term_string\"}}],\"inLanguage\":\"es\"},{\"@type\":\"Organization\",\"@id\":\"https:\/\/www.artbarcelona.es\/#organization\",\"name\":\"ArtBarcelona.\",\"url\":\"https:\/\/www.artbarcelona.es\/\",\"logo\":{\"@type\":\"ImageObject\",\"inLanguage\":\"es\",\"@id\":\"https:\/\/www.artbarcelona.es\/#\/schema\/logo\/image\/\",\"url\":\"https:\/\/www.artbarcelona.es\/wp-content\/uploads\/2024\/08\/logo-artb.svg\",\"contentUrl\":\"https:\/\/www.artbarcelona.es\/wp-content\/uploads\/2024\/08\/logo-artb.svg\",\"width\":139,\"height\":51,\"caption\":\"ArtBarcelona.\"},\"image\":{\"@id\":\"https:\/\/www.artbarcelona.es\/#\/schema\/logo\/image\/\"}},{\"@type\":\"Person\",\"@id\":\"https:\/\/www.artbarcelona.es\/#\/schema\/person\/c379f777c7a53ecc191a63a3e51b2bad\",\"name\":\"artbcn\",\"url\":\"https:\/\/www.artbarcelona.es\/es\/author\/artbcn\/\"}]}<\/script>\n<!-- \/ Yoast SEO plugin. -->","yoast_head_json":{"title":"Art Barcelona en la Semana del Arte de Madrid - ArtBarcelona.","robots":{"index":"index","follow":"follow","max-snippet":"max-snippet:-1","max-image-preview":"max-image-preview:large","max-video-preview":"max-video-preview:-1"},"canonical":"https:\/\/www.artbarcelona.es\/art-barcelona-a-la-setmana-de-lart-de-madrid\/","og_locale":"es_ES","og_type":"article","og_title":"Art Barcelona en la Semana del Arte de Madrid - ArtBarcelona.","og_description":"Arranca la semana del arte, y las galer\u00edas de\u00a0Art Barcelona viajan\u00a0a Madrid para la gran cita. ARCOmadrid cumple\u00a035 a\u00f1os como lugar de encuentro, espacio de discurso y motor del mercado\u00a0del...","og_url":"https:\/\/www.artbarcelona.es\/art-barcelona-a-la-setmana-de-lart-de-madrid\/","og_site_name":"ArtBarcelona.","article_published_time":"2016-02-22T12:29:35+00:00","article_modified_time":"2016-02-23T10:47:19+00:00","og_image":[{"width":960,"height":720,"url":"https:\/\/www.artbarcelona.es\/wp-content\/uploads\/2016\/02\/18316_765098243545034_5836044835726519827_n.jpg","type":"image\/jpeg"}],"author":"artbcn","twitter_card":"summary_large_image","twitter_misc":{"Escrito por":"artbcn","Tiempo de lectura":"3 minutos"},"schema":{"@context":"https:\/\/schema.org","@graph":[{"@type":"Article","@id":"https:\/\/www.artbarcelona.es\/art-barcelona-a-la-setmana-de-lart-de-madrid\/#article","isPartOf":{"@id":"https:\/\/www.artbarcelona.es\/art-barcelona-a-la-setmana-de-lart-de-madrid\/"},"author":{"name":"artbcn","@id":"https:\/\/www.artbarcelona.es\/#\/schema\/person\/c379f777c7a53ecc191a63a3e51b2bad"},"headline":"Art Barcelona en la Semana del Arte de Madrid","datePublished":"2016-02-22T12:29:35+00:00","dateModified":"2016-02-23T10:47:19+00:00","mainEntityOfPage":{"@id":"https:\/\/www.artbarcelona.es\/art-barcelona-a-la-setmana-de-lart-de-madrid\/"},"wordCount":518,"commentCount":0,"publisher":{"@id":"https:\/\/www.artbarcelona.es\/#organization"},"image":{"@id":"https:\/\/www.artbarcelona.es\/art-barcelona-a-la-setmana-de-lart-de-madrid\/#primaryimage"},"thumbnailUrl":"https:\/\/www.artbarcelona.es\/wp-content\/uploads\/2016\/02\/18316_765098243545034_5836044835726519827_n.jpg","articleSection":["General @es"],"inLanguage":"es","potentialAction":[{"@type":"CommentAction","name":"Comment","target":["https:\/\/www.artbarcelona.es\/art-barcelona-a-la-setmana-de-lart-de-madrid\/#respond"]}]},{"@type":"WebPage","@id":"https:\/\/www.artbarcelona.es\/art-barcelona-a-la-setmana-de-lart-de-madrid\/","url":"https:\/\/www.artbarcelona.es\/art-barcelona-a-la-setmana-de-lart-de-madrid\/","name":"Art Barcelona en la Semana del Arte de Madrid - ArtBarcelona.","isPartOf":{"@id":"https:\/\/www.artbarcelona.es\/#website"},"primaryImageOfPage":{"@id":"https:\/\/www.artbarcelona.es\/art-barcelona-a-la-setmana-de-lart-de-madrid\/#primaryimage"},"image":{"@id":"https:\/\/www.artbarcelona.es\/art-barcelona-a-la-setmana-de-lart-de-madrid\/#primaryimage"},"thumbnailUrl":"https:\/\/www.artbarcelona.es\/wp-content\/uploads\/2016\/02\/18316_765098243545034_5836044835726519827_n.jpg","datePublished":"2016-02-22T12:29:35+00:00","dateModified":"2016-02-23T10:47:19+00:00","breadcrumb":{"@id":"https:\/\/www.artbarcelona.es\/art-barcelona-a-la-setmana-de-lart-de-madrid\/#breadcrumb"},"inLanguage":"es","potentialAction":[{"@type":"ReadAction","target":["https:\/\/www.artbarcelona.es\/art-barcelona-a-la-setmana-de-lart-de-madrid\/"]}]},{"@type":"ImageObject","inLanguage":"es","@id":"https:\/\/www.artbarcelona.es\/art-barcelona-a-la-setmana-de-lart-de-madrid\/#primaryimage","url":"https:\/\/www.artbarcelona.es\/wp-content\/uploads\/2016\/02\/18316_765098243545034_5836044835726519827_n.jpg","contentUrl":"https:\/\/www.artbarcelona.es\/wp-content\/uploads\/2016\/02\/18316_765098243545034_5836044835726519827_n.jpg","width":960,"height":720},{"@type":"BreadcrumbList","@id":"https:\/\/www.artbarcelona.es\/art-barcelona-a-la-setmana-de-lart-de-madrid\/#breadcrumb","itemListElement":[{"@type":"ListItem","position":1,"name":"Portada","item":"https:\/\/www.artbarcelona.es\/es\/"},{"@type":"ListItem","position":2,"name":"Art Barcelona en la Semana del Arte de Madrid"}]},{"@type":"WebSite","@id":"https:\/\/www.artbarcelona.es\/#website","url":"https:\/\/www.artbarcelona.es\/","name":"ArtBarcelona.","description":"Altre lloc gestionat amb el WordPress","publisher":{"@id":"https:\/\/www.artbarcelona.es\/#organization"},"potentialAction":[{"@type":"SearchAction","target":{"@type":"EntryPoint","urlTemplate":"https:\/\/www.artbarcelona.es\/?s={search_term_string}"},"query-input":{"@type":"PropertyValueSpecification","valueRequired":true,"valueName":"search_term_string"}}],"inLanguage":"es"},{"@type":"Organization","@id":"https:\/\/www.artbarcelona.es\/#organization","name":"ArtBarcelona.","url":"https:\/\/www.artbarcelona.es\/","logo":{"@type":"ImageObject","inLanguage":"es","@id":"https:\/\/www.artbarcelona.es\/#\/schema\/logo\/image\/","url":"https:\/\/www.artbarcelona.es\/wp-content\/uploads\/2024\/08\/logo-artb.svg","contentUrl":"https:\/\/www.artbarcelona.es\/wp-content\/uploads\/2024\/08\/logo-artb.svg","width":139,"height":51,"caption":"ArtBarcelona."},"image":{"@id":"https:\/\/www.artbarcelona.es\/#\/schema\/logo\/image\/"}},{"@type":"Person","@id":"https:\/\/www.artbarcelona.es\/#\/schema\/person\/c379f777c7a53ecc191a63a3e51b2bad","name":"artbcn","url":"https:\/\/www.artbarcelona.es\/es\/author\/artbcn\/"}]}},"_links":{"self":[{"href":"https:\/\/www.artbarcelona.es\/es\/wp-json\/wp\/v2\/posts\/3199","targetHints":{"allow":["GET"]}}],"collection":[{"href":"https:\/\/www.artbarcelona.es\/es\/wp-json\/wp\/v2\/posts"}],"about":[{"href":"https:\/\/www.artbarcelona.es\/es\/wp-json\/wp\/v2\/types\/post"}],"author":[{"embeddable":true,"href":"https:\/\/www.artbarcelona.es\/es\/wp-json\/wp\/v2\/users\/1"}],"replies":[{"embeddable":true,"href":"https:\/\/www.artbarcelona.es\/es\/wp-json\/wp\/v2\/comments?post=3199"}],"version-history":[{"count":0,"href":"https:\/\/www.artbarcelona.es\/es\/wp-json\/wp\/v2\/posts\/3199\/revisions"}],"wp:featuredmedia":[{"embeddable":true,"href":"https:\/\/www.artbarcelona.es\/es\/wp-json\/wp\/v2\/media\/3194"}],"wp:attachment":[{"href":"https:\/\/www.artbarcelona.es\/es\/wp-json\/wp\/v2\/media?parent=3199"}],"wp:term":[{"taxonomy":"category","embeddable":true,"href":"https:\/\/www.artbarcelona.es\/es\/wp-json\/wp\/v2\/categories?post=3199"},{"taxonomy":"post_tag","embeddable":true,"href":"https:\/\/www.artbarcelona.es\/es\/wp-json\/wp\/v2\/tags?post=3199"}],"curies":[{"name":"wp","href":"https:\/\/api.w.org\/{rel}","templated":true}]}}