{"id":3396,"date":"2016-04-11T12:45:25","date_gmt":"2016-04-11T11:45:25","guid":{"rendered":"http:\/\/www.artbarcelona.es\/?p=3396"},"modified":"2016-04-11T12:45:25","modified_gmt":"2016-04-11T11:45:25","slug":"el-barcelona-gallery-weekend-anuncia-los-espacios-participantes","status":"publish","type":"post","link":"https:\/\/www.artbarcelona.es\/es\/el-barcelona-gallery-weekend-anuncia-los-espacios-participantes\/","title":{"rendered":"El Barcelona Gallery Weekend anuncia los espacios participantes"},"content":{"rendered":"<p>El pasado 11 de marzo, un jurado formado por \u00a0Montse Badia, Joana Hurtado y \u00c0lex Mitrani, seleccion\u00f3 23 galer\u00edas y 1 fundaci\u00f3n entre las 30 solicitudes presentadas para participar en la segunda edici\u00f3n del Barcelona Gallery Weekend, que se celebrar\u00e1 del 29 de septiembre al 2 de octubre de 2016.<\/p>\n<p>En breve se har\u00e1n p\u00fablicos los artistas y el programa completo del evento en <a href=\"http:\/\/www.barcelonagalleryweekend.com\">www.barcelonagalleryweekend.com<\/a>.<\/p>\n<p>Espacios participantes:<\/p>\n<p>Galer\u00edas:\u00a03 Punts Galeria, A|34, ADN Galeria, Ana Mas Projects, \u00c0ngels Barcelona, etHALL, Galeria Balaguer, Galeria Barbi\u00e9, Galeria Carles Tach\u00e9, Galeria Estrany &#8211; de la Mota, Galeria Joan Prats, Galeria Marc Dom\u00e8nech, Galeria Marlborough, Galeria Mayoral, Galeria Senda, Galeria Toni T\u00e0pies, Galeria Trama, Nogueras Blanchard, ProjecteSD, V\u00edctor Lope Arte Contempor\u00e1neo, RocioSantaCruz, Sala Dalmau, The Laboratory (G. Miquel Alzueta).<\/p>\n<p>Fundaciones: Blueproject Foundation<\/p>\n<p>Para estar al d\u00eda de las \u00faltimas noticias sobre el evento, s\u00edguenos en <a href=\"https:\/\/www.facebook.com\/barcelonagalleryweekend\">Facebook<\/a> y <a href=\"https:\/\/twitter.com\/ArtBarcelona_As\">Twitter<\/a><\/p>\n","protected":false},"excerpt":{"rendered":"<p>El pasado 11 de marzo, un jurado formado por \u00a0Montse Badia, Joana Hurtado y \u00c0lex Mitrani, seleccion\u00f3 23 galer\u00edas y 1 fundaci\u00f3n entre las 30 solicitudes presentadas para participar en&#8230;<\/p>\n","protected":false},"author":1,"featured_media":3394,"comment_status":"open","ping_status":"open","sticky":false,"template":"","format":"standard","meta":{"inline_featured_image":false,"footnotes":""},"categories":[3],"tags":[],"class_list":["post-3396","post","type-post","status-publish","format-standard","has-post-thumbnail","hentry","category-general-es"],"yoast_head":"<!-- This site is optimized with the Yoast SEO plugin v27.0 - https:\/\/yoast.com\/product\/yoast-seo-wordpress\/ -->\n<title>El Barcelona Gallery Weekend anuncia los espacios participantes - ArtBarcelona.<\/title>\n<meta name=\"robots\" content=\"index, follow, max-snippet:-1, max-image-preview:large, max-video-preview:-1\" \/>\n<link rel=\"canonical\" href=\"https:\/\/www.artbarcelona.es\/el-barcelona-gallery-weekend-anuncia-els-espais-participants\/\" \/>\n<meta property=\"og:locale\" content=\"es_ES\" \/>\n<meta property=\"og:type\" content=\"article\" \/>\n<meta property=\"og:title\" content=\"El Barcelona Gallery Weekend anuncia los espacios participantes - ArtBarcelona.\" \/>\n<meta property=\"og:description\" content=\"El pasado 11 de marzo, un jurado formado por \u00a0Montse Badia, Joana Hurtado y \u00c0lex Mitrani, seleccion\u00f3 23 galer\u00edas y 1 fundaci\u00f3n entre las 30 solicitudes presentadas para participar en...\" \/>\n<meta property=\"og:url\" content=\"https:\/\/www.artbarcelona.es\/el-barcelona-gallery-weekend-anuncia-els-espais-participants\/\" \/>\n<meta property=\"og:site_name\" content=\"ArtBarcelona.\" \/>\n<meta property=\"article:published_time\" content=\"2016-04-11T11:45:25+00:00\" \/>\n<meta property=\"og:image\" content=\"https:\/\/www.artbarcelona.es\/wp-content\/uploads\/2016\/04\/--ngels-barcelona-2_0999.gif\" \/>\n\t<meta property=\"og:image:width\" content=\"800\" \/>\n\t<meta property=\"og:image:height\" content=\"533\" \/>\n\t<meta property=\"og:image:type\" content=\"image\/gif\" \/>\n<meta name=\"author\" content=\"artbcn\" \/>\n<meta name=\"twitter:card\" content=\"summary_large_image\" \/>\n<meta name=\"twitter:label1\" content=\"Escrito por\" \/>\n\t<meta name=\"twitter:data1\" content=\"artbcn\" \/>\n\t<meta name=\"twitter:label2\" content=\"Tiempo de lectura\" \/>\n\t<meta name=\"twitter:data2\" content=\"1 minuto\" \/>\n<script type=\"application\/ld+json\" class=\"yoast-schema-graph\">{\"@context\":\"https:\/\/schema.org\",\"@graph\":[{\"@type\":\"Article\",\"@id\":\"https:\/\/www.artbarcelona.es\/el-barcelona-gallery-weekend-anuncia-els-espais-participants\/#article\",\"isPartOf\":{\"@id\":\"https:\/\/www.artbarcelona.es\/el-barcelona-gallery-weekend-anuncia-els-espais-participants\/\"},\"author\":{\"name\":\"artbcn\",\"@id\":\"https:\/\/www.artbarcelona.es\/#\/schema\/person\/c379f777c7a53ecc191a63a3e51b2bad\"},\"headline\":\"El Barcelona Gallery Weekend anuncia los espacios participantes\",\"datePublished\":\"2016-04-11T11:45:25+00:00\",\"mainEntityOfPage\":{\"@id\":\"https:\/\/www.artbarcelona.es\/el-barcelona-gallery-weekend-anuncia-els-espais-participants\/\"},\"wordCount\":158,\"commentCount\":0,\"publisher\":{\"@id\":\"https:\/\/www.artbarcelona.es\/#organization\"},\"image\":{\"@id\":\"https:\/\/www.artbarcelona.es\/el-barcelona-gallery-weekend-anuncia-els-espais-participants\/#primaryimage\"},\"thumbnailUrl\":\"https:\/\/www.artbarcelona.es\/wp-content\/uploads\/2016\/04\/--ngels-barcelona-2_0999.gif\",\"articleSection\":[\"General @es\"],\"inLanguage\":\"es\",\"potentialAction\":[{\"@type\":\"CommentAction\",\"name\":\"Comment\",\"target\":[\"https:\/\/www.artbarcelona.es\/el-barcelona-gallery-weekend-anuncia-els-espais-participants\/#respond\"]}]},{\"@type\":\"WebPage\",\"@id\":\"https:\/\/www.artbarcelona.es\/el-barcelona-gallery-weekend-anuncia-els-espais-participants\/\",\"url\":\"https:\/\/www.artbarcelona.es\/el-barcelona-gallery-weekend-anuncia-els-espais-participants\/\",\"name\":\"El Barcelona Gallery Weekend anuncia los espacios participantes - ArtBarcelona.\",\"isPartOf\":{\"@id\":\"https:\/\/www.artbarcelona.es\/#website\"},\"primaryImageOfPage\":{\"@id\":\"https:\/\/www.artbarcelona.es\/el-barcelona-gallery-weekend-anuncia-els-espais-participants\/#primaryimage\"},\"image\":{\"@id\":\"https:\/\/www.artbarcelona.es\/el-barcelona-gallery-weekend-anuncia-els-espais-participants\/#primaryimage\"},\"thumbnailUrl\":\"https:\/\/www.artbarcelona.es\/wp-content\/uploads\/2016\/04\/--ngels-barcelona-2_0999.gif\",\"datePublished\":\"2016-04-11T11:45:25+00:00\",\"breadcrumb\":{\"@id\":\"https:\/\/www.artbarcelona.es\/el-barcelona-gallery-weekend-anuncia-els-espais-participants\/#breadcrumb\"},\"inLanguage\":\"es\",\"potentialAction\":[{\"@type\":\"ReadAction\",\"target\":[\"https:\/\/www.artbarcelona.es\/el-barcelona-gallery-weekend-anuncia-els-espais-participants\/\"]}]},{\"@type\":\"ImageObject\",\"inLanguage\":\"es\",\"@id\":\"https:\/\/www.artbarcelona.es\/el-barcelona-gallery-weekend-anuncia-els-espais-participants\/#primaryimage\",\"url\":\"https:\/\/www.artbarcelona.es\/wp-content\/uploads\/2016\/04\/--ngels-barcelona-2_0999.gif\",\"contentUrl\":\"https:\/\/www.artbarcelona.es\/wp-content\/uploads\/2016\/04\/--ngels-barcelona-2_0999.gif\",\"width\":800,\"height\":533},{\"@type\":\"BreadcrumbList\",\"@id\":\"https:\/\/www.artbarcelona.es\/el-barcelona-gallery-weekend-anuncia-els-espais-participants\/#breadcrumb\",\"itemListElement\":[{\"@type\":\"ListItem\",\"position\":1,\"name\":\"Portada\",\"item\":\"https:\/\/www.artbarcelona.es\/es\/\"},{\"@type\":\"ListItem\",\"position\":2,\"name\":\"El Barcelona Gallery Weekend anuncia los espacios participantes\"}]},{\"@type\":\"WebSite\",\"@id\":\"https:\/\/www.artbarcelona.es\/#website\",\"url\":\"https:\/\/www.artbarcelona.es\/\",\"name\":\"ArtBarcelona.\",\"description\":\"Altre lloc gestionat amb el WordPress\",\"publisher\":{\"@id\":\"https:\/\/www.artbarcelona.es\/#organization\"},\"potentialAction\":[{\"@type\":\"SearchAction\",\"target\":{\"@type\":\"EntryPoint\",\"urlTemplate\":\"https:\/\/www.artbarcelona.es\/?s={search_term_string}\"},\"query-input\":{\"@type\":\"PropertyValueSpecification\",\"valueRequired\":true,\"valueName\":\"search_term_string\"}}],\"inLanguage\":\"es\"},{\"@type\":\"Organization\",\"@id\":\"https:\/\/www.artbarcelona.es\/#organization\",\"name\":\"ArtBarcelona.\",\"url\":\"https:\/\/www.artbarcelona.es\/\",\"logo\":{\"@type\":\"ImageObject\",\"inLanguage\":\"es\",\"@id\":\"https:\/\/www.artbarcelona.es\/#\/schema\/logo\/image\/\",\"url\":\"https:\/\/www.artbarcelona.es\/wp-content\/uploads\/2024\/08\/logo-artb.svg\",\"contentUrl\":\"https:\/\/www.artbarcelona.es\/wp-content\/uploads\/2024\/08\/logo-artb.svg\",\"width\":139,\"height\":51,\"caption\":\"ArtBarcelona.\"},\"image\":{\"@id\":\"https:\/\/www.artbarcelona.es\/#\/schema\/logo\/image\/\"}},{\"@type\":\"Person\",\"@id\":\"https:\/\/www.artbarcelona.es\/#\/schema\/person\/c379f777c7a53ecc191a63a3e51b2bad\",\"name\":\"artbcn\",\"url\":\"https:\/\/www.artbarcelona.es\/es\/author\/artbcn\/\"}]}<\/script>\n<!-- \/ Yoast SEO plugin. -->","yoast_head_json":{"title":"El Barcelona Gallery Weekend anuncia los espacios participantes - ArtBarcelona.","robots":{"index":"index","follow":"follow","max-snippet":"max-snippet:-1","max-image-preview":"max-image-preview:large","max-video-preview":"max-video-preview:-1"},"canonical":"https:\/\/www.artbarcelona.es\/el-barcelona-gallery-weekend-anuncia-els-espais-participants\/","og_locale":"es_ES","og_type":"article","og_title":"El Barcelona Gallery Weekend anuncia los espacios participantes - ArtBarcelona.","og_description":"El pasado 11 de marzo, un jurado formado por \u00a0Montse Badia, Joana Hurtado y \u00c0lex Mitrani, seleccion\u00f3 23 galer\u00edas y 1 fundaci\u00f3n entre las 30 solicitudes presentadas para participar en...","og_url":"https:\/\/www.artbarcelona.es\/el-barcelona-gallery-weekend-anuncia-els-espais-participants\/","og_site_name":"ArtBarcelona.","article_published_time":"2016-04-11T11:45:25+00:00","og_image":[{"width":800,"height":533,"url":"https:\/\/www.artbarcelona.es\/wp-content\/uploads\/2016\/04\/--ngels-barcelona-2_0999.gif","type":"image\/gif"}],"author":"artbcn","twitter_card":"summary_large_image","twitter_misc":{"Escrito por":"artbcn","Tiempo de lectura":"1 minuto"},"schema":{"@context":"https:\/\/schema.org","@graph":[{"@type":"Article","@id":"https:\/\/www.artbarcelona.es\/el-barcelona-gallery-weekend-anuncia-els-espais-participants\/#article","isPartOf":{"@id":"https:\/\/www.artbarcelona.es\/el-barcelona-gallery-weekend-anuncia-els-espais-participants\/"},"author":{"name":"artbcn","@id":"https:\/\/www.artbarcelona.es\/#\/schema\/person\/c379f777c7a53ecc191a63a3e51b2bad"},"headline":"El Barcelona Gallery Weekend anuncia los espacios participantes","datePublished":"2016-04-11T11:45:25+00:00","mainEntityOfPage":{"@id":"https:\/\/www.artbarcelona.es\/el-barcelona-gallery-weekend-anuncia-els-espais-participants\/"},"wordCount":158,"commentCount":0,"publisher":{"@id":"https:\/\/www.artbarcelona.es\/#organization"},"image":{"@id":"https:\/\/www.artbarcelona.es\/el-barcelona-gallery-weekend-anuncia-els-espais-participants\/#primaryimage"},"thumbnailUrl":"https:\/\/www.artbarcelona.es\/wp-content\/uploads\/2016\/04\/--ngels-barcelona-2_0999.gif","articleSection":["General @es"],"inLanguage":"es","potentialAction":[{"@type":"CommentAction","name":"Comment","target":["https:\/\/www.artbarcelona.es\/el-barcelona-gallery-weekend-anuncia-els-espais-participants\/#respond"]}]},{"@type":"WebPage","@id":"https:\/\/www.artbarcelona.es\/el-barcelona-gallery-weekend-anuncia-els-espais-participants\/","url":"https:\/\/www.artbarcelona.es\/el-barcelona-gallery-weekend-anuncia-els-espais-participants\/","name":"El Barcelona Gallery Weekend anuncia los espacios participantes - ArtBarcelona.","isPartOf":{"@id":"https:\/\/www.artbarcelona.es\/#website"},"primaryImageOfPage":{"@id":"https:\/\/www.artbarcelona.es\/el-barcelona-gallery-weekend-anuncia-els-espais-participants\/#primaryimage"},"image":{"@id":"https:\/\/www.artbarcelona.es\/el-barcelona-gallery-weekend-anuncia-els-espais-participants\/#primaryimage"},"thumbnailUrl":"https:\/\/www.artbarcelona.es\/wp-content\/uploads\/2016\/04\/--ngels-barcelona-2_0999.gif","datePublished":"2016-04-11T11:45:25+00:00","breadcrumb":{"@id":"https:\/\/www.artbarcelona.es\/el-barcelona-gallery-weekend-anuncia-els-espais-participants\/#breadcrumb"},"inLanguage":"es","potentialAction":[{"@type":"ReadAction","target":["https:\/\/www.artbarcelona.es\/el-barcelona-gallery-weekend-anuncia-els-espais-participants\/"]}]},{"@type":"ImageObject","inLanguage":"es","@id":"https:\/\/www.artbarcelona.es\/el-barcelona-gallery-weekend-anuncia-els-espais-participants\/#primaryimage","url":"https:\/\/www.artbarcelona.es\/wp-content\/uploads\/2016\/04\/--ngels-barcelona-2_0999.gif","contentUrl":"https:\/\/www.artbarcelona.es\/wp-content\/uploads\/2016\/04\/--ngels-barcelona-2_0999.gif","width":800,"height":533},{"@type":"BreadcrumbList","@id":"https:\/\/www.artbarcelona.es\/el-barcelona-gallery-weekend-anuncia-els-espais-participants\/#breadcrumb","itemListElement":[{"@type":"ListItem","position":1,"name":"Portada","item":"https:\/\/www.artbarcelona.es\/es\/"},{"@type":"ListItem","position":2,"name":"El Barcelona Gallery Weekend anuncia los espacios participantes"}]},{"@type":"WebSite","@id":"https:\/\/www.artbarcelona.es\/#website","url":"https:\/\/www.artbarcelona.es\/","name":"ArtBarcelona.","description":"Altre lloc gestionat amb el WordPress","publisher":{"@id":"https:\/\/www.artbarcelona.es\/#organization"},"potentialAction":[{"@type":"SearchAction","target":{"@type":"EntryPoint","urlTemplate":"https:\/\/www.artbarcelona.es\/?s={search_term_string}"},"query-input":{"@type":"PropertyValueSpecification","valueRequired":true,"valueName":"search_term_string"}}],"inLanguage":"es"},{"@type":"Organization","@id":"https:\/\/www.artbarcelona.es\/#organization","name":"ArtBarcelona.","url":"https:\/\/www.artbarcelona.es\/","logo":{"@type":"ImageObject","inLanguage":"es","@id":"https:\/\/www.artbarcelona.es\/#\/schema\/logo\/image\/","url":"https:\/\/www.artbarcelona.es\/wp-content\/uploads\/2024\/08\/logo-artb.svg","contentUrl":"https:\/\/www.artbarcelona.es\/wp-content\/uploads\/2024\/08\/logo-artb.svg","width":139,"height":51,"caption":"ArtBarcelona."},"image":{"@id":"https:\/\/www.artbarcelona.es\/#\/schema\/logo\/image\/"}},{"@type":"Person","@id":"https:\/\/www.artbarcelona.es\/#\/schema\/person\/c379f777c7a53ecc191a63a3e51b2bad","name":"artbcn","url":"https:\/\/www.artbarcelona.es\/es\/author\/artbcn\/"}]}},"_links":{"self":[{"href":"https:\/\/www.artbarcelona.es\/es\/wp-json\/wp\/v2\/posts\/3396","targetHints":{"allow":["GET"]}}],"collection":[{"href":"https:\/\/www.artbarcelona.es\/es\/wp-json\/wp\/v2\/posts"}],"about":[{"href":"https:\/\/www.artbarcelona.es\/es\/wp-json\/wp\/v2\/types\/post"}],"author":[{"embeddable":true,"href":"https:\/\/www.artbarcelona.es\/es\/wp-json\/wp\/v2\/users\/1"}],"replies":[{"embeddable":true,"href":"https:\/\/www.artbarcelona.es\/es\/wp-json\/wp\/v2\/comments?post=3396"}],"version-history":[{"count":0,"href":"https:\/\/www.artbarcelona.es\/es\/wp-json\/wp\/v2\/posts\/3396\/revisions"}],"wp:featuredmedia":[{"embeddable":true,"href":"https:\/\/www.artbarcelona.es\/es\/wp-json\/wp\/v2\/media\/3394"}],"wp:attachment":[{"href":"https:\/\/www.artbarcelona.es\/es\/wp-json\/wp\/v2\/media?parent=3396"}],"wp:term":[{"taxonomy":"category","embeddable":true,"href":"https:\/\/www.artbarcelona.es\/es\/wp-json\/wp\/v2\/categories?post=3396"},{"taxonomy":"post_tag","embeddable":true,"href":"https:\/\/www.artbarcelona.es\/es\/wp-json\/wp\/v2\/tags?post=3396"}],"curies":[{"name":"wp","href":"https:\/\/api.w.org\/{rel}","templated":true}]}}