{"id":5157,"date":"2018-02-05T12:55:43","date_gmt":"2018-02-05T11:55:43","guid":{"rendered":"http:\/\/www.artbarcelona.es\/?p=5157"},"modified":"2018-02-14T12:30:08","modified_gmt":"2018-02-14T11:30:08","slug":"art-barcelona-se-une-al-mobile-week-barcelona-con-dos-gallery-walks","status":"publish","type":"post","link":"https:\/\/www.artbarcelona.es\/es\/art-barcelona-se-une-al-mobile-week-barcelona-con-dos-gallery-walks\/","title":{"rendered":"Art Barcelona se une al Mobile Week Barcelona y organiza dos Gallery Walks"},"content":{"rendered":"<p>Del 15 al 24 de febrero, las galer\u00edas de Art Barcelona proponen una selecci\u00f3n de obras que integran arte y nuevas tecnolog\u00edas, en el marco del Mobile Week Barcelona, y que podr\u00e1s visitar de forma gratuita. Adem\u00e1s, para descubrirlas Art Barcelona organiza dos nuevos Gallery Walks por las galer\u00edas participantes.<\/p>\n<p>De la mano de un experto del sector, y asistidos por el equipo de las galer\u00edas, reflexionaremos desde el arte sobre el impacto de la revoluci\u00f3n digital en nuestra vida cotidiana.<\/p>\n<p>&nbsp;<\/p>\n<h3><span style=\"color: #37b3a8;\">Inscr\u00edbete a una ruta y recibir\u00e1s un descuento de 5\u20ac para la otra!<\/span><\/h3>\n<p>&nbsp;<\/p>\n<p><strong>s\u00e1bado 17\u00a0de febrero, de 11.30 a 13.30<\/strong><br \/>\n<strong>Ruta 1:<\/strong>\u00a0<a href=\"http:\/\/rociosantacruz.com\/\" target=\"_blank\">RocioSantaCruz<\/a>,\u00a0<a href=\"http:\/\/www.n2galeria.com\/\" target=\"_blank\">N2 Galeria<\/a>,\u00a0<a href=\"https:\/\/artbarcelona.us3.list-manage.com\/track\/click?u=b749baea5339fb1675d0bc23d&amp;id=dd886976dd&amp;e=bc7ee5545c\" target=\"_blank\">Galeria Joan Prats<\/a>,\u00a0<a href=\"https:\/\/artbarcelona.us3.list-manage.com\/track\/click?u=b749baea5339fb1675d0bc23d&amp;id=29ec97c6fc&amp;e=bc7ee5545c\" target=\"_blank\">ADN Galeria<\/a>,\u00a0<a href=\"http:\/\/www.galeriamarlborough.com\/\" target=\"_blank\">Galeria Marlborough<\/a>.<\/p>\n<p>\u2192\u00a0<a href=\"https:\/\/artbarcelona.us3.list-manage.com\/track\/click?u=b749baea5339fb1675d0bc23d&amp;id=b8a35279f9&amp;e=bc7ee5545c\" target=\"_blank\">\u00danete a esta ruta<\/a><\/p>\n<p>&nbsp;<\/p>\n<p><strong>s\u00e1bado 24\u00a0de febrero, de 11.30 a 13.30<\/strong><br \/>\n<strong>Ruta 2:<\/strong>\u00a0<a href=\"https:\/\/artbarcelona.us3.list-manage.com\/track\/click?u=b749baea5339fb1675d0bc23d&amp;id=bdcb378bf5&amp;e=bc7ee5545c\" target=\"_blank\">\u00e0ngels barcelona<\/a>,\u00a0<a href=\"http:\/\/galeriasenda.com\/lab-36\/\" target=\"_blank\">LAB 36<\/a>,\u00a0<a href=\"https:\/\/artbarcelona.us3.list-manage.com\/track\/click?u=b749baea5339fb1675d0bc23d&amp;id=04b64e4cb7&amp;e=bc7ee5545c\" target=\"_blank\">Galeria Senda<\/a>,\u00a0<a href=\"http:\/\/salapares.com\/\" target=\"_blank\">Sala Par\u00e9s<\/a>.<\/p>\n<p>\u2192\u00a0<a href=\"https:\/\/artbarcelona.us3.list-manage.com\/track\/click?u=b749baea5339fb1675d0bc23d&amp;id=684d0733e2&amp;e=bc7ee5545c\" target=\"_blank\">\u00danete a esta ruta<\/a><\/p>\n<p>&nbsp;<\/p>\n<div>Precio: 14 \u20ac (plazas limitadas)<br \/>\nSe comunicar\u00e1 el punto de encuentro al realizar la reserva.<br \/>\nTe invitamos a una copa al final del recorrido.<\/div>\n<div>Para m\u00e1s informaci\u00f3n: <a href=\"mailto:info@artbarcelona.es?subject=Art%20Barcelona%20Gallery%20Walks\" target=\"_blank\" data-cke-saved-href=\"mailto:info@artbarcelona.es?subject=Art%20Barcelona%20Gallery%20Walks\">info@artbarcelona.es<\/a> \/ 93 105 57 02<\/div>\n<div><\/div>\n<div><\/div>\n","protected":false},"excerpt":{"rendered":"<p>Del 15 al 24 de febrero, las galer\u00edas de Art Barcelona proponen una selecci\u00f3n de obras que integran arte y nuevas tecnolog\u00edas, en el marco del Mobile Week Barcelona, y&#8230;<\/p>\n","protected":false},"author":1,"featured_media":5197,"comment_status":"open","ping_status":"open","sticky":false,"template":"","format":"standard","meta":{"inline_featured_image":false,"footnotes":""},"categories":[3],"tags":[],"class_list":["post-5157","post","type-post","status-publish","format-standard","has-post-thumbnail","hentry","category-general-es"],"yoast_head":"<!-- This site is optimized with the Yoast SEO plugin v27.0 - https:\/\/yoast.com\/product\/yoast-seo-wordpress\/ -->\n<title>Art Barcelona se une al Mobile Week Barcelona y organiza dos Gallery Walks - ArtBarcelona.<\/title>\n<meta name=\"robots\" content=\"index, follow, max-snippet:-1, max-image-preview:large, max-video-preview:-1\" \/>\n<link rel=\"canonical\" href=\"https:\/\/www.artbarcelona.es\/art-barcelona-suneix-al-mobile-week-barcelona-amb-dos-gallery-walks\/\" \/>\n<meta property=\"og:locale\" content=\"es_ES\" \/>\n<meta property=\"og:type\" content=\"article\" \/>\n<meta property=\"og:title\" content=\"Art Barcelona se une al Mobile Week Barcelona y organiza dos Gallery Walks - ArtBarcelona.\" \/>\n<meta property=\"og:description\" content=\"Del 15 al 24 de febrero, las galer\u00edas de Art Barcelona proponen una selecci\u00f3n de obras que integran arte y nuevas tecnolog\u00edas, en el marco del Mobile Week Barcelona, y...\" \/>\n<meta property=\"og:url\" content=\"https:\/\/www.artbarcelona.es\/art-barcelona-suneix-al-mobile-week-barcelona-amb-dos-gallery-walks\/\" \/>\n<meta property=\"og:site_name\" content=\"ArtBarcelona.\" \/>\n<meta property=\"article:published_time\" content=\"2018-02-05T11:55:43+00:00\" \/>\n<meta property=\"article:modified_time\" content=\"2018-02-14T11:30:08+00:00\" \/>\n<meta property=\"og:image\" content=\"https:\/\/www.artbarcelona.es\/wp-content\/uploads\/2017\/07\/ABGalleryWalk-MWB4-small.jpg\" \/>\n\t<meta property=\"og:image:width\" content=\"1181\" \/>\n\t<meta property=\"og:image:height\" content=\"588\" \/>\n\t<meta property=\"og:image:type\" content=\"image\/jpeg\" \/>\n<meta name=\"author\" content=\"artbcn\" \/>\n<meta name=\"twitter:card\" content=\"summary_large_image\" \/>\n<meta name=\"twitter:label1\" content=\"Escrito por\" \/>\n\t<meta name=\"twitter:data1\" content=\"artbcn\" \/>\n\t<meta name=\"twitter:label2\" content=\"Tiempo de lectura\" \/>\n\t<meta name=\"twitter:data2\" content=\"1 minuto\" \/>\n<script type=\"application\/ld+json\" class=\"yoast-schema-graph\">{\"@context\":\"https:\/\/schema.org\",\"@graph\":[{\"@type\":\"Article\",\"@id\":\"https:\/\/www.artbarcelona.es\/art-barcelona-suneix-al-mobile-week-barcelona-amb-dos-gallery-walks\/#article\",\"isPartOf\":{\"@id\":\"https:\/\/www.artbarcelona.es\/art-barcelona-suneix-al-mobile-week-barcelona-amb-dos-gallery-walks\/\"},\"author\":{\"name\":\"artbcn\",\"@id\":\"https:\/\/www.artbarcelona.es\/#\/schema\/person\/c379f777c7a53ecc191a63a3e51b2bad\"},\"headline\":\"Art Barcelona se une al Mobile Week Barcelona y organiza dos Gallery Walks\",\"datePublished\":\"2018-02-05T11:55:43+00:00\",\"dateModified\":\"2018-02-14T11:30:08+00:00\",\"mainEntityOfPage\":{\"@id\":\"https:\/\/www.artbarcelona.es\/art-barcelona-suneix-al-mobile-week-barcelona-amb-dos-gallery-walks\/\"},\"wordCount\":188,\"commentCount\":0,\"publisher\":{\"@id\":\"https:\/\/www.artbarcelona.es\/#organization\"},\"image\":{\"@id\":\"https:\/\/www.artbarcelona.es\/art-barcelona-suneix-al-mobile-week-barcelona-amb-dos-gallery-walks\/#primaryimage\"},\"thumbnailUrl\":\"https:\/\/www.artbarcelona.es\/wp-content\/uploads\/2017\/07\/ABGalleryWalk-MWB4-small.jpg\",\"articleSection\":[\"General @es\"],\"inLanguage\":\"es\",\"potentialAction\":[{\"@type\":\"CommentAction\",\"name\":\"Comment\",\"target\":[\"https:\/\/www.artbarcelona.es\/art-barcelona-suneix-al-mobile-week-barcelona-amb-dos-gallery-walks\/#respond\"]}]},{\"@type\":\"WebPage\",\"@id\":\"https:\/\/www.artbarcelona.es\/art-barcelona-suneix-al-mobile-week-barcelona-amb-dos-gallery-walks\/\",\"url\":\"https:\/\/www.artbarcelona.es\/art-barcelona-suneix-al-mobile-week-barcelona-amb-dos-gallery-walks\/\",\"name\":\"Art Barcelona se une al Mobile Week Barcelona y organiza dos Gallery Walks - ArtBarcelona.\",\"isPartOf\":{\"@id\":\"https:\/\/www.artbarcelona.es\/#website\"},\"primaryImageOfPage\":{\"@id\":\"https:\/\/www.artbarcelona.es\/art-barcelona-suneix-al-mobile-week-barcelona-amb-dos-gallery-walks\/#primaryimage\"},\"image\":{\"@id\":\"https:\/\/www.artbarcelona.es\/art-barcelona-suneix-al-mobile-week-barcelona-amb-dos-gallery-walks\/#primaryimage\"},\"thumbnailUrl\":\"https:\/\/www.artbarcelona.es\/wp-content\/uploads\/2017\/07\/ABGalleryWalk-MWB4-small.jpg\",\"datePublished\":\"2018-02-05T11:55:43+00:00\",\"dateModified\":\"2018-02-14T11:30:08+00:00\",\"breadcrumb\":{\"@id\":\"https:\/\/www.artbarcelona.es\/art-barcelona-suneix-al-mobile-week-barcelona-amb-dos-gallery-walks\/#breadcrumb\"},\"inLanguage\":\"es\",\"potentialAction\":[{\"@type\":\"ReadAction\",\"target\":[\"https:\/\/www.artbarcelona.es\/art-barcelona-suneix-al-mobile-week-barcelona-amb-dos-gallery-walks\/\"]}]},{\"@type\":\"ImageObject\",\"inLanguage\":\"es\",\"@id\":\"https:\/\/www.artbarcelona.es\/art-barcelona-suneix-al-mobile-week-barcelona-amb-dos-gallery-walks\/#primaryimage\",\"url\":\"https:\/\/www.artbarcelona.es\/wp-content\/uploads\/2017\/07\/ABGalleryWalk-MWB4-small.jpg\",\"contentUrl\":\"https:\/\/www.artbarcelona.es\/wp-content\/uploads\/2017\/07\/ABGalleryWalk-MWB4-small.jpg\",\"width\":1181,\"height\":588},{\"@type\":\"BreadcrumbList\",\"@id\":\"https:\/\/www.artbarcelona.es\/art-barcelona-suneix-al-mobile-week-barcelona-amb-dos-gallery-walks\/#breadcrumb\",\"itemListElement\":[{\"@type\":\"ListItem\",\"position\":1,\"name\":\"Portada\",\"item\":\"https:\/\/www.artbarcelona.es\/es\/\"},{\"@type\":\"ListItem\",\"position\":2,\"name\":\"Art Barcelona se une al Mobile Week Barcelona y organiza dos Gallery Walks\"}]},{\"@type\":\"WebSite\",\"@id\":\"https:\/\/www.artbarcelona.es\/#website\",\"url\":\"https:\/\/www.artbarcelona.es\/\",\"name\":\"ArtBarcelona.\",\"description\":\"Altre lloc gestionat amb el WordPress\",\"publisher\":{\"@id\":\"https:\/\/www.artbarcelona.es\/#organization\"},\"potentialAction\":[{\"@type\":\"SearchAction\",\"target\":{\"@type\":\"EntryPoint\",\"urlTemplate\":\"https:\/\/www.artbarcelona.es\/?s={search_term_string}\"},\"query-input\":{\"@type\":\"PropertyValueSpecification\",\"valueRequired\":true,\"valueName\":\"search_term_string\"}}],\"inLanguage\":\"es\"},{\"@type\":\"Organization\",\"@id\":\"https:\/\/www.artbarcelona.es\/#organization\",\"name\":\"ArtBarcelona.\",\"url\":\"https:\/\/www.artbarcelona.es\/\",\"logo\":{\"@type\":\"ImageObject\",\"inLanguage\":\"es\",\"@id\":\"https:\/\/www.artbarcelona.es\/#\/schema\/logo\/image\/\",\"url\":\"https:\/\/www.artbarcelona.es\/wp-content\/uploads\/2024\/08\/logo-artb.svg\",\"contentUrl\":\"https:\/\/www.artbarcelona.es\/wp-content\/uploads\/2024\/08\/logo-artb.svg\",\"width\":139,\"height\":51,\"caption\":\"ArtBarcelona.\"},\"image\":{\"@id\":\"https:\/\/www.artbarcelona.es\/#\/schema\/logo\/image\/\"}},{\"@type\":\"Person\",\"@id\":\"https:\/\/www.artbarcelona.es\/#\/schema\/person\/c379f777c7a53ecc191a63a3e51b2bad\",\"name\":\"artbcn\",\"url\":\"https:\/\/www.artbarcelona.es\/es\/author\/artbcn\/\"}]}<\/script>\n<!-- \/ Yoast SEO plugin. -->","yoast_head_json":{"title":"Art Barcelona se une al Mobile Week Barcelona y organiza dos Gallery Walks - ArtBarcelona.","robots":{"index":"index","follow":"follow","max-snippet":"max-snippet:-1","max-image-preview":"max-image-preview:large","max-video-preview":"max-video-preview:-1"},"canonical":"https:\/\/www.artbarcelona.es\/art-barcelona-suneix-al-mobile-week-barcelona-amb-dos-gallery-walks\/","og_locale":"es_ES","og_type":"article","og_title":"Art Barcelona se une al Mobile Week Barcelona y organiza dos Gallery Walks - ArtBarcelona.","og_description":"Del 15 al 24 de febrero, las galer\u00edas de Art Barcelona proponen una selecci\u00f3n de obras que integran arte y nuevas tecnolog\u00edas, en el marco del Mobile Week Barcelona, y...","og_url":"https:\/\/www.artbarcelona.es\/art-barcelona-suneix-al-mobile-week-barcelona-amb-dos-gallery-walks\/","og_site_name":"ArtBarcelona.","article_published_time":"2018-02-05T11:55:43+00:00","article_modified_time":"2018-02-14T11:30:08+00:00","og_image":[{"width":1181,"height":588,"url":"https:\/\/www.artbarcelona.es\/wp-content\/uploads\/2017\/07\/ABGalleryWalk-MWB4-small.jpg","type":"image\/jpeg"}],"author":"artbcn","twitter_card":"summary_large_image","twitter_misc":{"Escrito por":"artbcn","Tiempo de lectura":"1 minuto"},"schema":{"@context":"https:\/\/schema.org","@graph":[{"@type":"Article","@id":"https:\/\/www.artbarcelona.es\/art-barcelona-suneix-al-mobile-week-barcelona-amb-dos-gallery-walks\/#article","isPartOf":{"@id":"https:\/\/www.artbarcelona.es\/art-barcelona-suneix-al-mobile-week-barcelona-amb-dos-gallery-walks\/"},"author":{"name":"artbcn","@id":"https:\/\/www.artbarcelona.es\/#\/schema\/person\/c379f777c7a53ecc191a63a3e51b2bad"},"headline":"Art Barcelona se une al Mobile Week Barcelona y organiza dos Gallery Walks","datePublished":"2018-02-05T11:55:43+00:00","dateModified":"2018-02-14T11:30:08+00:00","mainEntityOfPage":{"@id":"https:\/\/www.artbarcelona.es\/art-barcelona-suneix-al-mobile-week-barcelona-amb-dos-gallery-walks\/"},"wordCount":188,"commentCount":0,"publisher":{"@id":"https:\/\/www.artbarcelona.es\/#organization"},"image":{"@id":"https:\/\/www.artbarcelona.es\/art-barcelona-suneix-al-mobile-week-barcelona-amb-dos-gallery-walks\/#primaryimage"},"thumbnailUrl":"https:\/\/www.artbarcelona.es\/wp-content\/uploads\/2017\/07\/ABGalleryWalk-MWB4-small.jpg","articleSection":["General @es"],"inLanguage":"es","potentialAction":[{"@type":"CommentAction","name":"Comment","target":["https:\/\/www.artbarcelona.es\/art-barcelona-suneix-al-mobile-week-barcelona-amb-dos-gallery-walks\/#respond"]}]},{"@type":"WebPage","@id":"https:\/\/www.artbarcelona.es\/art-barcelona-suneix-al-mobile-week-barcelona-amb-dos-gallery-walks\/","url":"https:\/\/www.artbarcelona.es\/art-barcelona-suneix-al-mobile-week-barcelona-amb-dos-gallery-walks\/","name":"Art Barcelona se une al Mobile Week Barcelona y organiza dos Gallery Walks - ArtBarcelona.","isPartOf":{"@id":"https:\/\/www.artbarcelona.es\/#website"},"primaryImageOfPage":{"@id":"https:\/\/www.artbarcelona.es\/art-barcelona-suneix-al-mobile-week-barcelona-amb-dos-gallery-walks\/#primaryimage"},"image":{"@id":"https:\/\/www.artbarcelona.es\/art-barcelona-suneix-al-mobile-week-barcelona-amb-dos-gallery-walks\/#primaryimage"},"thumbnailUrl":"https:\/\/www.artbarcelona.es\/wp-content\/uploads\/2017\/07\/ABGalleryWalk-MWB4-small.jpg","datePublished":"2018-02-05T11:55:43+00:00","dateModified":"2018-02-14T11:30:08+00:00","breadcrumb":{"@id":"https:\/\/www.artbarcelona.es\/art-barcelona-suneix-al-mobile-week-barcelona-amb-dos-gallery-walks\/#breadcrumb"},"inLanguage":"es","potentialAction":[{"@type":"ReadAction","target":["https:\/\/www.artbarcelona.es\/art-barcelona-suneix-al-mobile-week-barcelona-amb-dos-gallery-walks\/"]}]},{"@type":"ImageObject","inLanguage":"es","@id":"https:\/\/www.artbarcelona.es\/art-barcelona-suneix-al-mobile-week-barcelona-amb-dos-gallery-walks\/#primaryimage","url":"https:\/\/www.artbarcelona.es\/wp-content\/uploads\/2017\/07\/ABGalleryWalk-MWB4-small.jpg","contentUrl":"https:\/\/www.artbarcelona.es\/wp-content\/uploads\/2017\/07\/ABGalleryWalk-MWB4-small.jpg","width":1181,"height":588},{"@type":"BreadcrumbList","@id":"https:\/\/www.artbarcelona.es\/art-barcelona-suneix-al-mobile-week-barcelona-amb-dos-gallery-walks\/#breadcrumb","itemListElement":[{"@type":"ListItem","position":1,"name":"Portada","item":"https:\/\/www.artbarcelona.es\/es\/"},{"@type":"ListItem","position":2,"name":"Art Barcelona se une al Mobile Week Barcelona y organiza dos Gallery Walks"}]},{"@type":"WebSite","@id":"https:\/\/www.artbarcelona.es\/#website","url":"https:\/\/www.artbarcelona.es\/","name":"ArtBarcelona.","description":"Altre lloc gestionat amb el WordPress","publisher":{"@id":"https:\/\/www.artbarcelona.es\/#organization"},"potentialAction":[{"@type":"SearchAction","target":{"@type":"EntryPoint","urlTemplate":"https:\/\/www.artbarcelona.es\/?s={search_term_string}"},"query-input":{"@type":"PropertyValueSpecification","valueRequired":true,"valueName":"search_term_string"}}],"inLanguage":"es"},{"@type":"Organization","@id":"https:\/\/www.artbarcelona.es\/#organization","name":"ArtBarcelona.","url":"https:\/\/www.artbarcelona.es\/","logo":{"@type":"ImageObject","inLanguage":"es","@id":"https:\/\/www.artbarcelona.es\/#\/schema\/logo\/image\/","url":"https:\/\/www.artbarcelona.es\/wp-content\/uploads\/2024\/08\/logo-artb.svg","contentUrl":"https:\/\/www.artbarcelona.es\/wp-content\/uploads\/2024\/08\/logo-artb.svg","width":139,"height":51,"caption":"ArtBarcelona."},"image":{"@id":"https:\/\/www.artbarcelona.es\/#\/schema\/logo\/image\/"}},{"@type":"Person","@id":"https:\/\/www.artbarcelona.es\/#\/schema\/person\/c379f777c7a53ecc191a63a3e51b2bad","name":"artbcn","url":"https:\/\/www.artbarcelona.es\/es\/author\/artbcn\/"}]}},"_links":{"self":[{"href":"https:\/\/www.artbarcelona.es\/es\/wp-json\/wp\/v2\/posts\/5157","targetHints":{"allow":["GET"]}}],"collection":[{"href":"https:\/\/www.artbarcelona.es\/es\/wp-json\/wp\/v2\/posts"}],"about":[{"href":"https:\/\/www.artbarcelona.es\/es\/wp-json\/wp\/v2\/types\/post"}],"author":[{"embeddable":true,"href":"https:\/\/www.artbarcelona.es\/es\/wp-json\/wp\/v2\/users\/1"}],"replies":[{"embeddable":true,"href":"https:\/\/www.artbarcelona.es\/es\/wp-json\/wp\/v2\/comments?post=5157"}],"version-history":[{"count":0,"href":"https:\/\/www.artbarcelona.es\/es\/wp-json\/wp\/v2\/posts\/5157\/revisions"}],"wp:featuredmedia":[{"embeddable":true,"href":"https:\/\/www.artbarcelona.es\/es\/wp-json\/wp\/v2\/media\/5197"}],"wp:attachment":[{"href":"https:\/\/www.artbarcelona.es\/es\/wp-json\/wp\/v2\/media?parent=5157"}],"wp:term":[{"taxonomy":"category","embeddable":true,"href":"https:\/\/www.artbarcelona.es\/es\/wp-json\/wp\/v2\/categories?post=5157"},{"taxonomy":"post_tag","embeddable":true,"href":"https:\/\/www.artbarcelona.es\/es\/wp-json\/wp\/v2\/tags?post=5157"}],"curies":[{"name":"wp","href":"https:\/\/api.w.org\/{rel}","templated":true}]}}